{"id":112403,"date":"2018-07-23T10:29:29","date_gmt":"2018-07-23T13:29:29","guid":{"rendered":"http:\/\/diarioregionaljf.com.br\/?p=112403"},"modified":"2018-07-23T10:29:47","modified_gmt":"2018-07-23T13:29:47","slug":"tres-furtos-de-veiculos-sao-registrados-em-jf-no-domingo","status":"publish","type":"post","link":"https:\/\/diarioregionaldigital.com.br\/?p=112403","title":{"rendered":"Tr\u00eas furtos de ve\u00edculos s\u00e3o registrados em JF no domingo"},"content":{"rendered":"<p>A Pol\u00edcia Militar (PM) registrou tr\u00eas furtos de ve\u00edculos em Juiz de Fora nesse domingo, 22.<\/p>\n<p>Uma das v\u00edtimas foi uma mulher de 43 anos. Ela relatou \u00e0 PM que estacionou seu carro na Rua Maria Perp\u00e9tua, no bairro Ladeira, Zona Leste da cidade, por volta das 18h. Ao retornar, aproximadamente \u00e0s 19h45, o ve\u00edculo n\u00e3o estava mais no local.<\/p>\n<p>Um outro furto foi registrado na rua principal do bairro Mariano Proc\u00f3pio, regi\u00e3o Central. Um homem de 30 anos relatou ter estacionado sua motocicleta no local por volta das 16h30 e cerca de quatro horas e meia depois retornou, n\u00e3o encontrando o ve\u00edculo.<\/p>\n<p>J\u00e1 na Cidade Alta, a v\u00edtima foi um homem de 40 anos, que teve o carro roubado na Rua Orestes Fabiano Alves, no bairro S\u00e3o Pedro. O ve\u00edculo teria sido furtado entre 21h40 e 23h50.<\/p>\n<p>&nbsp;<\/p>\n<p><span style=\"font-size: 12pt;\"><strong>VE\u00cdCULO RECUPERADO<\/strong><\/span><\/p>\n<p>No bairro Santa Efig\u00eania, Zona Sul, a PM localizou um carro roubado. De acordo com informa\u00e7\u00f5es da corpora\u00e7\u00e3o, o ve\u00edculo, ano 2011, estava estacionado na Rua Marciano Pinto. Ap\u00f3s consulta ao sistema, constatou-se\u00a0 um registro de roubo relativo ao mesmo.<\/p>\n<p>O carro foi removido por um auto-socorro.<\/p>\n","protected":false},"excerpt":{"rendered":"<p>A Pol\u00edcia Militar (PM) registrou tr\u00eas furtos de ve\u00edculos em Juiz de Fora nesse domingo, 22. Uma das v\u00edtimas foi uma mulher de 43 anos. Ela relatou \u00e0 PM que estacionou seu carro na Rua Maria Perp\u00e9tua, no bairro Ladeira, Zona Leste da cidade, por volta das 18h. Ao retornar, aproximadamente \u00e0s 19h45, o ve\u00edculo [&hellip;]<\/p>\n","protected":false},"author":96,"featured_media":95836,"comment_status":"closed","ping_status":"closed","sticky":false,"template":"","format":"standard","meta":{"footnotes":""},"categories":[301,439],"tags":[],"class_list":["post-112403","post","type-post","status-publish","format-standard","has-post-thumbnail","hentry","category-artigos-policiais","category-ultima-hora"],"_links":{"self":[{"href":"https:\/\/diarioregionaldigital.com.br\/index.php?rest_route=\/wp\/v2\/posts\/112403","targetHints":{"allow":["GET"]}}],"collection":[{"href":"https:\/\/diarioregionaldigital.com.br\/index.php?rest_route=\/wp\/v2\/posts"}],"about":[{"href":"https:\/\/diarioregionaldigital.com.br\/index.php?rest_route=\/wp\/v2\/types\/post"}],"author":[{"embeddable":true,"href":"https:\/\/diarioregionaldigital.com.br\/index.php?rest_route=\/wp\/v2\/users\/96"}],"replies":[{"embeddable":true,"href":"https:\/\/diarioregionaldigital.com.br\/index.php?rest_route=%2Fwp%2Fv2%2Fcomments&post=112403"}],"version-history":[{"count":0,"href":"https:\/\/diarioregionaldigital.com.br\/index.php?rest_route=\/wp\/v2\/posts\/112403\/revisions"}],"wp:featuredmedia":[{"embeddable":true,"href":"https:\/\/diarioregionaldigital.com.br\/index.php?rest_route=\/wp\/v2\/media\/95836"}],"wp:attachment":[{"href":"https:\/\/diarioregionaldigital.com.br\/index.php?rest_route=%2Fwp%2Fv2%2Fmedia&parent=112403"}],"wp:term":[{"taxonomy":"category","embeddable":true,"href":"https:\/\/diarioregionaldigital.com.br\/index.php?rest_route=%2Fwp%2Fv2%2Fcategories&post=112403"},{"taxonomy":"post_tag","embeddable":true,"href":"https:\/\/diarioregionaldigital.com.br\/index.php?rest_route=%2Fwp%2Fv2%2Ftags&post=112403"}],"curies":[{"name":"wp","href":"https:\/\/api.w.org\/{rel}","templated":true}]}}