{"id":112397,"date":"2018-07-23T09:31:03","date_gmt":"2018-07-23T12:31:03","guid":{"rendered":"http:\/\/diarioregionaljf.com.br\/?p=112397"},"modified":"2018-07-23T09:32:04","modified_gmt":"2018-07-23T12:32:04","slug":"instituicoes-financeiras-reduzem-estimativa-de-inflacao-para-411","status":"publish","type":"post","link":"https:\/\/diarioregionaldigital.com.br\/?p=112397","title":{"rendered":"Institui\u00e7\u00f5es financeiras reduzem estimativa de infla\u00e7\u00e3o para 4,11%"},"content":{"rendered":"<p>A proje\u00e7\u00e3o de institui\u00e7\u00f5es financeiras para a infla\u00e7\u00e3o voltou a cair. A estimativa para o \u00cdndice Nacional de Pre\u00e7os ao Consumidor Amplo (IPCA) caiu de 4,15% para 4,11%, segundo a pesquisa Focus, publica\u00e7\u00e3o elaborada todas as semanas pelo Banco Central (BC), com proje\u00e7\u00f5es de institui\u00e7\u00f5es financeiras para os principais indicadores econ\u00f4micos. Essa \u00e9 a segunda redu\u00e7\u00e3o consecutiva.<\/p>\n<p>Para as institui\u00e7\u00f5es financeiras, o IPCA em 2019 ser\u00e1 4,10%, mesma estimativa de h\u00e1 cinco semanas, e 4% em 2020. Para 2021, a proje\u00e7\u00e3o caiu de 4% para 3,95%.<\/p>\n<p>Essas estimativas est\u00e3o abaixo do centro da meta que deve ser perseguida pelo BC para este ano e 2019. Em 2018, o centro da meta \u00e9 4,5%, com limite inferior de 3% e superior de 6%. Para 2019, a previs\u00e3o \u00e9 4,25%, com intervalo de toler\u00e2ncia entre 2,75% e 5,75%. Para 2020, a meta \u00e9 4% e 2021, 3,75%, com intervalo de toler\u00e2ncia de 1,5 ponto percentual para os dois anos (2,5% a 5,5% e 2,25% a 5,25%, respectivamente).<\/p>\n<p>Para alcan\u00e7ar a meta de infla\u00e7\u00e3o, o BC usa como instrumento a taxa b\u00e1sica de juros, a Selic, atualmente 6,5% ao ano.<\/p>\n<p>Para as institui\u00e7\u00f5es financeiras, a Selic deve permanecer em 6,5% ao ano at\u00e9 o final de 2018. Para 2019, a expectativa \u00e9 aumento da taxa b\u00e1sica, terminando o per\u00edodo em 8% ao ano.<\/p>\n<p>Quando o Copom aumenta a Selic, o objetivo \u00e9 conter a demanda aquecida, e isso causa reflexos nos pre\u00e7os porque os juros mais altos encarecem o cr\u00e9dito e estimulam a poupan\u00e7a.<\/p>\n<p>Quando o Copom diminui os juros b\u00e1sicos, a tend\u00eancia \u00e9 que o cr\u00e9dito fique mais barato, com incentivo \u00e0 produ\u00e7\u00e3o e ao consumo, reduzindo o controle da infla\u00e7\u00e3o.<\/p>\n<p>A manuten\u00e7\u00e3o da Selic, como prev\u00ea o mercado financeiro neste ano, indica que o Copom considera as altera\u00e7\u00f5es anteriores suficientes para chegar \u00e0 meta de infla\u00e7\u00e3o.<\/p>\n<p>&nbsp;<\/p>\n<p><span style=\"font-size: 12pt;\"><strong>ATIVIDADE ECON\u00d4MICA<\/strong><\/span><\/p>\n<p>A proje\u00e7\u00e3o para a expans\u00e3o do Produto Interno Bruto (PIB) &#8211; a soma de todos os bens e servi\u00e7os produzidos no pa\u00eds &#8211; foi mantida em 1,50%, neste ano. Para 2019, a estimativa segue em 2,50%. As institui\u00e7\u00f5es financeiras tamb\u00e9m projetam crescimento de 2,50% do PIB em 2020 e 2021.<\/p>\n<p>A previs\u00e3o do mercado financeiro para a cota\u00e7\u00e3o do d\u00f3lar permanece em R$3,70 no final deste ano. Para o fim de 2019, passou de R$3,68 para R$3,70.<\/p>\n<p>&nbsp;<\/p>\n<p><strong>Fonte: Ag\u00eancia Brasil<\/strong><\/p>\n","protected":false},"excerpt":{"rendered":"<p>A proje\u00e7\u00e3o de institui\u00e7\u00f5es financeiras para a infla\u00e7\u00e3o voltou a cair. A estimativa para o \u00cdndice Nacional de Pre\u00e7os ao Consumidor Amplo (IPCA) caiu de 4,15% para 4,11%, segundo a pesquisa Focus, publica\u00e7\u00e3o elaborada todas as semanas pelo Banco Central (BC), com proje\u00e7\u00f5es de institui\u00e7\u00f5es financeiras para os principais indicadores econ\u00f4micos. Essa \u00e9 a segunda [&hellip;]<\/p>\n","protected":false},"author":96,"featured_media":112399,"comment_status":"closed","ping_status":"closed","sticky":false,"template":"","format":"standard","meta":{"footnotes":""},"categories":[261,439],"tags":[],"class_list":["post-112397","post","type-post","status-publish","format-standard","has-post-thumbnail","hentry","category-economia","category-ultima-hora"],"_links":{"self":[{"href":"https:\/\/diarioregionaldigital.com.br\/index.php?rest_route=\/wp\/v2\/posts\/112397","targetHints":{"allow":["GET"]}}],"collection":[{"href":"https:\/\/diarioregionaldigital.com.br\/index.php?rest_route=\/wp\/v2\/posts"}],"about":[{"href":"https:\/\/diarioregionaldigital.com.br\/index.php?rest_route=\/wp\/v2\/types\/post"}],"author":[{"embeddable":true,"href":"https:\/\/diarioregionaldigital.com.br\/index.php?rest_route=\/wp\/v2\/users\/96"}],"replies":[{"embeddable":true,"href":"https:\/\/diarioregionaldigital.com.br\/index.php?rest_route=%2Fwp%2Fv2%2Fcomments&post=112397"}],"version-history":[{"count":0,"href":"https:\/\/diarioregionaldigital.com.br\/index.php?rest_route=\/wp\/v2\/posts\/112397\/revisions"}],"wp:featuredmedia":[{"embeddable":true,"href":"https:\/\/diarioregionaldigital.com.br\/index.php?rest_route=\/wp\/v2\/media\/112399"}],"wp:attachment":[{"href":"https:\/\/diarioregionaldigital.com.br\/index.php?rest_route=%2Fwp%2Fv2%2Fmedia&parent=112397"}],"wp:term":[{"taxonomy":"category","embeddable":true,"href":"https:\/\/diarioregionaldigital.com.br\/index.php?rest_route=%2Fwp%2Fv2%2Fcategories&post=112397"},{"taxonomy":"post_tag","embeddable":true,"href":"https:\/\/diarioregionaldigital.com.br\/index.php?rest_route=%2Fwp%2Fv2%2Ftags&post=112397"}],"curies":[{"name":"wp","href":"https:\/\/api.w.org\/{rel}","templated":true}]}}