{"id":112395,"date":"2018-07-23T09:18:29","date_gmt":"2018-07-23T12:18:29","guid":{"rendered":"http:\/\/diarioregionaljf.com.br\/?p=112395"},"modified":"2018-07-23T09:18:48","modified_gmt":"2018-07-23T12:18:48","slug":"jovem-e-morto-com-quatro-tiros-na-zona-norte","status":"publish","type":"post","link":"https:\/\/diarioregionaldigital.com.br\/?p=112395","title":{"rendered":"Jovem \u00e9 morto com quatro tiros na Zona Norte"},"content":{"rendered":"<p>Um jovem de 21 anos morreu ap\u00f3s ser atingido por quatro tiros, um deles na cabe\u00e7a, na Vila Melo Reis, Zona Norte, na noite desse domingo, 22. Um rapaz de 23 anos foi preso pelo homic\u00eddio.<\/p>\n<p>De acordo com o registro de ocorr\u00eancia na Pol\u00edcia Militar (PM), ap\u00f3s recebimento de informa\u00e7\u00f5es sobre o crime, uma equipe se dirigiu at\u00e9 a resid\u00eancia da m\u00e3e do suspeito. No local, os militares foram surpreendidos por um adolescente de 17 anos, um rapaz de 25 e um homem de 32, que arremessaram pedras contra o im\u00f3vel e invadiram a casa. Um dos autores foi preso, mas os demais conseguiram fugir e n\u00e3o foram localizados.<\/p>\n<p>Dando prosseguimento \u00e0s buscas, os militares localizaram o autor do homic\u00eddio em um im\u00f3vel pr\u00f3ximo \u00e0 resid\u00eancia de sua m\u00e3e. O rapaz foi detido e com ele foi localizada a arma utilizada no crime, um rev\u00f3lver calibre 32 com cinco cartuchos, quatro intactos e um picotado.<\/p>\n<p>Ainda de acordo com a PM, a v\u00edtima chegou a ser socorrida at\u00e9 a UPA Norte, sendo constatadas tr\u00eas perfura\u00e7\u00f5es no t\u00f3rax e uma na cabe\u00e7a. O jovem foi encaminhado ao Pronto Socorro, onde veio a \u00f3bito.<\/p>\n<p>O autor alegou que j\u00e1 havia sido amea\u00e7ado de morte pela v\u00edtima. Ele foi preso e conduzido \u00e1 delegacia, juntamente com a arma apreendida.<\/p>\n","protected":false},"excerpt":{"rendered":"<p>Um jovem de 21 anos morreu ap\u00f3s ser atingido por quatro tiros, um deles na cabe\u00e7a, na Vila Melo Reis, Zona Norte, na noite desse domingo, 22. Um rapaz de 23 anos foi preso pelo homic\u00eddio. De acordo com o registro de ocorr\u00eancia na Pol\u00edcia Militar (PM), ap\u00f3s recebimento de informa\u00e7\u00f5es sobre o crime, uma [&hellip;]<\/p>\n","protected":false},"author":96,"featured_media":95836,"comment_status":"closed","ping_status":"closed","sticky":false,"template":"","format":"standard","meta":{"footnotes":""},"categories":[301,439],"tags":[],"class_list":["post-112395","post","type-post","status-publish","format-standard","has-post-thumbnail","hentry","category-artigos-policiais","category-ultima-hora"],"_links":{"self":[{"href":"https:\/\/diarioregionaldigital.com.br\/index.php?rest_route=\/wp\/v2\/posts\/112395","targetHints":{"allow":["GET"]}}],"collection":[{"href":"https:\/\/diarioregionaldigital.com.br\/index.php?rest_route=\/wp\/v2\/posts"}],"about":[{"href":"https:\/\/diarioregionaldigital.com.br\/index.php?rest_route=\/wp\/v2\/types\/post"}],"author":[{"embeddable":true,"href":"https:\/\/diarioregionaldigital.com.br\/index.php?rest_route=\/wp\/v2\/users\/96"}],"replies":[{"embeddable":true,"href":"https:\/\/diarioregionaldigital.com.br\/index.php?rest_route=%2Fwp%2Fv2%2Fcomments&post=112395"}],"version-history":[{"count":0,"href":"https:\/\/diarioregionaldigital.com.br\/index.php?rest_route=\/wp\/v2\/posts\/112395\/revisions"}],"wp:featuredmedia":[{"embeddable":true,"href":"https:\/\/diarioregionaldigital.com.br\/index.php?rest_route=\/wp\/v2\/media\/95836"}],"wp:attachment":[{"href":"https:\/\/diarioregionaldigital.com.br\/index.php?rest_route=%2Fwp%2Fv2%2Fmedia&parent=112395"}],"wp:term":[{"taxonomy":"category","embeddable":true,"href":"https:\/\/diarioregionaldigital.com.br\/index.php?rest_route=%2Fwp%2Fv2%2Fcategories&post=112395"},{"taxonomy":"post_tag","embeddable":true,"href":"https:\/\/diarioregionaldigital.com.br\/index.php?rest_route=%2Fwp%2Fv2%2Ftags&post=112395"}],"curies":[{"name":"wp","href":"https:\/\/api.w.org\/{rel}","templated":true}]}}