{"id":112393,"date":"2018-07-23T08:56:12","date_gmt":"2018-07-23T11:56:12","guid":{"rendered":"http:\/\/diarioregionaljf.com.br\/?p=112393"},"modified":"2018-07-23T08:56:27","modified_gmt":"2018-07-23T11:56:27","slug":"homem-armado-com-faca-assalta-jovem-no-bandeirantes","status":"publish","type":"post","link":"https:\/\/diarioregionaldigital.com.br\/?p=112393","title":{"rendered":"Homem armado com faca assalta jovem no Bandeirantes"},"content":{"rendered":"<p>Uma jovem de 21 anos foi assaltada por um indiv\u00edduo armado com faca no bairro Bandeirantes, Zona Nordeste da cidade, na noite desse domingo, 22.<\/p>\n<p>Conforme Boletim de Ocorr\u00eancia (BO) da Pol\u00edcia Militar (PM), a v\u00edtima estava na Rua Paracatu quando foi abordada pelo autor, que anunciou o assalto. O homem roubou o celular da jovem, fugindo em sequ\u00eancia.<\/p>\n<p>Ainda segundo o BO, militares fizeram rastreamento, mas o autor n\u00e3o foi localizado.<\/p>\n","protected":false},"excerpt":{"rendered":"<p>Uma jovem de 21 anos foi assaltada por um indiv\u00edduo armado com faca no bairro Bandeirantes, Zona Nordeste da cidade, na noite desse domingo, 22. Conforme Boletim de Ocorr\u00eancia (BO) da Pol\u00edcia Militar (PM), a v\u00edtima estava na Rua Paracatu quando foi abordada pelo autor, que anunciou o assalto. O homem roubou o celular da [&hellip;]<\/p>\n","protected":false},"author":96,"featured_media":95836,"comment_status":"closed","ping_status":"closed","sticky":false,"template":"","format":"standard","meta":{"footnotes":""},"categories":[301,439],"tags":[],"class_list":["post-112393","post","type-post","status-publish","format-standard","has-post-thumbnail","hentry","category-artigos-policiais","category-ultima-hora"],"_links":{"self":[{"href":"https:\/\/diarioregionaldigital.com.br\/index.php?rest_route=\/wp\/v2\/posts\/112393","targetHints":{"allow":["GET"]}}],"collection":[{"href":"https:\/\/diarioregionaldigital.com.br\/index.php?rest_route=\/wp\/v2\/posts"}],"about":[{"href":"https:\/\/diarioregionaldigital.com.br\/index.php?rest_route=\/wp\/v2\/types\/post"}],"author":[{"embeddable":true,"href":"https:\/\/diarioregionaldigital.com.br\/index.php?rest_route=\/wp\/v2\/users\/96"}],"replies":[{"embeddable":true,"href":"https:\/\/diarioregionaldigital.com.br\/index.php?rest_route=%2Fwp%2Fv2%2Fcomments&post=112393"}],"version-history":[{"count":0,"href":"https:\/\/diarioregionaldigital.com.br\/index.php?rest_route=\/wp\/v2\/posts\/112393\/revisions"}],"wp:featuredmedia":[{"embeddable":true,"href":"https:\/\/diarioregionaldigital.com.br\/index.php?rest_route=\/wp\/v2\/media\/95836"}],"wp:attachment":[{"href":"https:\/\/diarioregionaldigital.com.br\/index.php?rest_route=%2Fwp%2Fv2%2Fmedia&parent=112393"}],"wp:term":[{"taxonomy":"category","embeddable":true,"href":"https:\/\/diarioregionaldigital.com.br\/index.php?rest_route=%2Fwp%2Fv2%2Fcategories&post=112393"},{"taxonomy":"post_tag","embeddable":true,"href":"https:\/\/diarioregionaldigital.com.br\/index.php?rest_route=%2Fwp%2Fv2%2Ftags&post=112393"}],"curies":[{"name":"wp","href":"https:\/\/api.w.org\/{rel}","templated":true}]}}