{"id":112391,"date":"2018-07-23T08:48:30","date_gmt":"2018-07-23T11:48:30","guid":{"rendered":"http:\/\/diarioregionaljf.com.br\/?p=112391"},"modified":"2018-07-23T08:48:49","modified_gmt":"2018-07-23T11:48:49","slug":"foragido-da-justica-e-detido-durante-blitz-na-avenida-brasil","status":"publish","type":"post","link":"https:\/\/diarioregionaldigital.com.br\/?p=112391","title":{"rendered":"Foragido da justi\u00e7a \u00e9 detido durante blitz na Avenida Brasil"},"content":{"rendered":"<p>Um rapaz de 26 anos, foragido da justi\u00e7a, foi detido durante uma blitz da Pol\u00edcia Militar (PM) na Avenida Brasil, na manh\u00e3 desse domingo, 22.<\/p>\n<p>De acordo com informa\u00e7\u00f5es da PM, o autor estava em uma motocicleta com placas do munic\u00edpio de Ch\u00e1cara (a cerca de 29 Km de JF), abordada durante a a\u00e7\u00e3o. Ao realizar consulta ao sistema, constatou-se haver um mandado de pris\u00e3o em desfavor do motociclista.<\/p>\n<p>O rapaz foi detido e conduzido \u00e0 delegacia.<\/p>\n","protected":false},"excerpt":{"rendered":"<p>Um rapaz de 26 anos, foragido da justi\u00e7a, foi detido durante uma blitz da Pol\u00edcia Militar (PM) na Avenida Brasil, na manh\u00e3 desse domingo, 22. De acordo com informa\u00e7\u00f5es da PM, o autor estava em uma motocicleta com placas do munic\u00edpio de Ch\u00e1cara (a cerca de 29 Km de JF), abordada durante a a\u00e7\u00e3o. Ao [&hellip;]<\/p>\n","protected":false},"author":96,"featured_media":95836,"comment_status":"closed","ping_status":"closed","sticky":false,"template":"","format":"standard","meta":{"footnotes":""},"categories":[301,439],"tags":[],"class_list":["post-112391","post","type-post","status-publish","format-standard","has-post-thumbnail","hentry","category-artigos-policiais","category-ultima-hora"],"_links":{"self":[{"href":"https:\/\/diarioregionaldigital.com.br\/index.php?rest_route=\/wp\/v2\/posts\/112391","targetHints":{"allow":["GET"]}}],"collection":[{"href":"https:\/\/diarioregionaldigital.com.br\/index.php?rest_route=\/wp\/v2\/posts"}],"about":[{"href":"https:\/\/diarioregionaldigital.com.br\/index.php?rest_route=\/wp\/v2\/types\/post"}],"author":[{"embeddable":true,"href":"https:\/\/diarioregionaldigital.com.br\/index.php?rest_route=\/wp\/v2\/users\/96"}],"replies":[{"embeddable":true,"href":"https:\/\/diarioregionaldigital.com.br\/index.php?rest_route=%2Fwp%2Fv2%2Fcomments&post=112391"}],"version-history":[{"count":0,"href":"https:\/\/diarioregionaldigital.com.br\/index.php?rest_route=\/wp\/v2\/posts\/112391\/revisions"}],"wp:featuredmedia":[{"embeddable":true,"href":"https:\/\/diarioregionaldigital.com.br\/index.php?rest_route=\/wp\/v2\/media\/95836"}],"wp:attachment":[{"href":"https:\/\/diarioregionaldigital.com.br\/index.php?rest_route=%2Fwp%2Fv2%2Fmedia&parent=112391"}],"wp:term":[{"taxonomy":"category","embeddable":true,"href":"https:\/\/diarioregionaldigital.com.br\/index.php?rest_route=%2Fwp%2Fv2%2Fcategories&post=112391"},{"taxonomy":"post_tag","embeddable":true,"href":"https:\/\/diarioregionaldigital.com.br\/index.php?rest_route=%2Fwp%2Fv2%2Ftags&post=112391"}],"curies":[{"name":"wp","href":"https:\/\/api.w.org\/{rel}","templated":true}]}}