{"id":112387,"date":"2018-07-23T08:34:34","date_gmt":"2018-07-23T11:34:34","guid":{"rendered":"http:\/\/diarioregionaljf.com.br\/?p=112387"},"modified":"2018-07-26T10:52:18","modified_gmt":"2018-07-26T13:52:18","slug":"territorios-de-invencao-chega-a-juiz-de-fora-com-residencia-musical-de-marina-cyrino-e-matthias-koole","status":"publish","type":"post","link":"https:\/\/diarioregionaldigital.com.br\/?p=112387","title":{"rendered":"&#8220;Territ\u00f3rios de Inven\u00e7\u00e3o&#8221; chega a Juiz de Fora com resid\u00eancia musical de Marina Cyrino e Matthias Koole"},"content":{"rendered":"<p>O munic\u00edpio de Juiz de Fora, na Zona da Mata, ser\u00e1 a sede da resid\u00eancia musical de\u00a0Marina Cyrino e Matthias Koole. A a\u00e7\u00e3o, que ocorre de 20 a \u00a031 de agosto,\u00a0no\u00a0Instituto de Artes e Design da Universidade Federal de Juiz de Fora (IAD\/UFJF),\u00a0faz parte da\u00a02\u00aa edi\u00e7\u00e3o do projeto &#8220;Territ\u00f3rios de Inven\u00e7\u00e3o: Resid\u00eancias Musicais&#8221;,\u00a0realizado pela Funda\u00e7\u00e3o de Educa\u00e7\u00e3o Art\u00edstica (FEA).<\/p>\n<p>At\u00e9 outubro o projeto vai proporcionar o conv\u00edvio e a troca de processos de cria\u00e7\u00e3o musical entre artistas e m\u00fasicos estudantes em seis munic\u00edpios do estado, contando tamb\u00e9m com concertos abertos \u00e0 comunidade.\u00a0Os interessados em participar desta etapa podem se inscrever gratuitamente at\u00e9 o dia 6 de agosto por meio do preenchimento da ficha de inscri\u00e7\u00e3o\u00a0online, dispon\u00edvel nas m\u00eddias sociais do projeto (facebook: \/residenciasmusicais e instagram: @residenciasmusicais).<\/p>\n<p>Artistas com vi\u00e9s experimental, performativo e de liberdade art\u00edstica com trabalhos colaborativos no Brasil e exterior,\u00a0Marina Cyrino e Matthias Koole buscam\u00a0na Resid\u00eancia Musical\u00a0&#8220;Improviso e Linguagens Musicais Contempor\u00e2neas&#8221; explorar aspectos t\u00e9cnicos da m\u00fasica de concerto que fogem \u00e0s no\u00e7\u00f5es de certo e errado, desde a interpreta\u00e7\u00e3o de partituras \u00e0 forma de se tocar um instrumento. A atividade focar\u00e1 obras de nota\u00e7\u00f5es musicais alternativas (partituras gr\u00e1ficas, texto-partitura e partituras de forma musical aberta) e a escrita desses trabalhos a partir da improvisa\u00e7\u00e3o livre. O p\u00fablico-alvo \u00e9 de compositores, instrumentistas, cantores, estudantes e professores de m\u00fasica interessados em m\u00fasica experimental\/contempor\u00e2nea e em improviso livre. A resid\u00eancia disponibiliza 25 vagas aos interessados. Ao\u00a0final da temporada,\u00a0um\u00a0concerto\u00a0com uma sele\u00e7\u00e3o das pe\u00e7as trabalhadas e com improvisos livres ser\u00e1 realizado pelos participantes da iniciativa.<\/p>\n<p>&nbsp;<\/p>\n<p><span style=\"font-size: 12pt;\"><strong>SOBRE O &#8220;TERRIT\u00d3RIOS DE INVEN\u00c7\u00c3O&#8221; 2018<\/strong><\/span><\/p>\n<p>A 2\u00aa edi\u00e7\u00e3o do projeto &#8220;Territ\u00f3rios de Inven\u00e7\u00e3o: Resid\u00eancias Musicais&#8221; vai promover, de julho a outubro, residenciais art\u00edsticas em seis cidades do estado para compartilhar pr\u00e1ticas e processos de cria\u00e7\u00e3o em m\u00fasica e performance com artistas e estudantes mineiros. Al\u00e9m da regi\u00e3o metropolitana e o munic\u00edpio de Varginha (30 de julho a 10 de agosto, com as resid\u00eancias de Joana Queiroz e Rafael Martini), o projeto acontece em Juiz de Fora (20 a 31 de agosto, com Marina Cyrino e Matthias Koole), S\u00e3o Jo\u00e3o Del Rei (3 a 14 de setembro, com Elise Pittenger e Fernando Rocha (Duo Qattus) | Felipe Jos\u00e9), Ara\u00e7ua\u00ed (17 a 28 de setembro, com Titane e Makely Ka) e encerra em Araguari (15 a 26 de outubro, com Edson Fernando e Ricardo Passos).<\/p>\n<p>De acordo com Patr\u00edcia Bizzotto, uma das coordenadoras art\u00edsticas do &#8220;Territ\u00f3rios de Inven\u00e7\u00e3o&#8221;, a iniciativa promove a intera\u00e7\u00e3o entre diversos agentes da m\u00fasica mineira, permitindo uma ampla troca de experi\u00eancias entre os participantes. &#8220;A continuidade deste projeto, que teve sua primeira edi\u00e7\u00e3o em 2016, fortalece a aproxima\u00e7\u00e3o entre estudantes e artistas de v\u00e1rias partes do estado, construindo assim uma ampla rede criativa de experimenta\u00e7\u00e3o e saberes musicais em Minas&#8221;, explica.<\/p>\n<p>Patr\u00edcia, que tamb\u00e9m \u00e9 musicista e pesquisadora, ressalta que o objetivo \u00e9 menos o resultado e mais o processo criativo desenvolvido ao longo das resid\u00eancias. &#8220;Al\u00e9m de difundir a cria\u00e7\u00e3o musical contempor\u00e2nea mineira, o projeto vai provocar encontros, afetos e est\u00edmulos para a percep\u00e7\u00e3o e a inven\u00e7\u00e3o de linguagens e de espa\u00e7os sonoro-musicais&#8221;, acrescenta.<\/p>\n<p>Discuss\u00f5es sobre a constru\u00e7\u00e3o e destrui\u00e7\u00e3o de paisagens sonoras, como tamb\u00e9m sobre o reflexo do caos ambiental nas formas urbanas de escuta permeiam a edi\u00e7\u00e3o 2018 do projeto. Segundo L\u00facia Campos, tamb\u00e9m coordenadora art\u00edstica do &#8220;Territ\u00f3rios de Inven\u00e7\u00e3o&#8221;, &#8220;as resid\u00eancias t\u00eam um espa\u00e7o-tempo intensivo e urgente de experimenta\u00e7\u00e3o, de cria\u00e7\u00e3o, atrav\u00e9s da pr\u00e1tica musical e da escuta aberta e ativa sobre cada local, cada cidade, bem como seus espa\u00e7os, suas paisagens, seus habitantes, suas tens\u00f5es e fric\u00e7\u00f5es&#8221;.<\/p>\n<p>Com 55 anos completados em maio de 2018, a FEA \u00e9 reconhecida nacionalmente por promover, estimular e difundir a m\u00fasica contempor\u00e2nea em n\u00edvel de pr\u00e1tica, pesquisa e investiga\u00e7\u00f5es de linguagens. Nesse sentido, a diretora da Funda\u00e7\u00e3o de Educa\u00e7\u00e3o Art\u00edstica, Berenice Menegale, considera que &#8220;&#8216;Territ\u00f3rios de Inven\u00e7\u00e3o&#8217; \u00e9 um momento de est\u00edmulo para os m\u00fasicos das &#8216;cidades-resid\u00eancias&#8217;, um sopro de renova\u00e7\u00e3o, oportunidade de contatos enriquecedores, ocasi\u00e3o para descobertas e um salto para o futuro da arte&#8221;, diz.<\/p>\n<p>&nbsp;<\/p>\n<p><span style=\"font-size: 12pt;\"><strong>\u00a0FUNDA\u00c7\u00c3O DE EDUCA\u00c7\u00c3O ART\u00cdSTICA<\/strong><\/span><\/p>\n<p>A Funda\u00e7\u00e3o de Educa\u00e7\u00e3o Art\u00edstica (FEA) \u00e9 uma entidade sem fins lucrativos, de forte cunho social, com penetra\u00e7\u00e3o em todas as classes sociais, que tem como objetivo contribuir para a democratiza\u00e7\u00e3o, o aprimoramento e a atualiza\u00e7\u00e3o do ensino das artes e, em particular, da m\u00fasica. Criada em maio de 1963 por um grupo de artistas e intelectuais mineiros, apresentou-se, desde sempre, como um centro de experimenta\u00e7\u00e3o, renova\u00e7\u00e3o e difus\u00e3o art\u00edstica de base cultural ampla.<\/p>\n<p>No \u00e2mbito educacional, merece destaque o papel desempenhado pela FEA no processo de atualiza\u00e7\u00e3o do ensino musical, n\u00e3o s\u00f3 em Belo Horizonte, como tamb\u00e9m em diversos centros de forma\u00e7\u00e3o do Pa\u00eds. Por valorizar o interc\u00e2mbio entre as artes, a Funda\u00e7\u00e3o de Educa\u00e7\u00e3o Art\u00edstica mant\u00e9m-se sempre aberta a novas ideias, experimenta\u00e7\u00f5es, pesquisas e \u00e9, essencialmente, uma defensora contumaz da m\u00fasica de nosso tempo.<\/p>\n<p>&nbsp;<\/p>\n<p>Fonte: Assessoria<\/p>\n","protected":false},"excerpt":{"rendered":"<p>O munic\u00edpio de Juiz de Fora, na Zona da Mata, ser\u00e1 a sede da resid\u00eancia musical de\u00a0Marina Cyrino e Matthias Koole. A a\u00e7\u00e3o, que ocorre de 20 a \u00a031 de agosto,\u00a0no\u00a0Instituto de Artes e Design da Universidade Federal de Juiz de Fora (IAD\/UFJF),\u00a0faz parte da\u00a02\u00aa edi\u00e7\u00e3o do projeto &#8220;Territ\u00f3rios de Inven\u00e7\u00e3o: Resid\u00eancias Musicais&#8221;,\u00a0realizado pela Funda\u00e7\u00e3o [&hellip;]<\/p>\n","protected":false},"author":96,"featured_media":112388,"comment_status":"closed","ping_status":"closed","sticky":false,"template":"","format":"standard","meta":{"footnotes":""},"categories":[256],"tags":[],"class_list":["post-112387","post","type-post","status-publish","format-standard","has-post-thumbnail","hentry","category-cultura"],"_links":{"self":[{"href":"https:\/\/diarioregionaldigital.com.br\/index.php?rest_route=\/wp\/v2\/posts\/112387","targetHints":{"allow":["GET"]}}],"collection":[{"href":"https:\/\/diarioregionaldigital.com.br\/index.php?rest_route=\/wp\/v2\/posts"}],"about":[{"href":"https:\/\/diarioregionaldigital.com.br\/index.php?rest_route=\/wp\/v2\/types\/post"}],"author":[{"embeddable":true,"href":"https:\/\/diarioregionaldigital.com.br\/index.php?rest_route=\/wp\/v2\/users\/96"}],"replies":[{"embeddable":true,"href":"https:\/\/diarioregionaldigital.com.br\/index.php?rest_route=%2Fwp%2Fv2%2Fcomments&post=112387"}],"version-history":[{"count":0,"href":"https:\/\/diarioregionaldigital.com.br\/index.php?rest_route=\/wp\/v2\/posts\/112387\/revisions"}],"wp:featuredmedia":[{"embeddable":true,"href":"https:\/\/diarioregionaldigital.com.br\/index.php?rest_route=\/wp\/v2\/media\/112388"}],"wp:attachment":[{"href":"https:\/\/diarioregionaldigital.com.br\/index.php?rest_route=%2Fwp%2Fv2%2Fmedia&parent=112387"}],"wp:term":[{"taxonomy":"category","embeddable":true,"href":"https:\/\/diarioregionaldigital.com.br\/index.php?rest_route=%2Fwp%2Fv2%2Fcategories&post=112387"},{"taxonomy":"post_tag","embeddable":true,"href":"https:\/\/diarioregionaldigital.com.br\/index.php?rest_route=%2Fwp%2Fv2%2Ftags&post=112387"}],"curies":[{"name":"wp","href":"https:\/\/api.w.org\/{rel}","templated":true}]}}