{"id":112385,"date":"2018-07-23T08:17:49","date_gmt":"2018-07-23T11:17:49","guid":{"rendered":"http:\/\/diarioregionaljf.com.br\/?p=112385"},"modified":"2018-07-23T08:18:06","modified_gmt":"2018-07-23T11:18:06","slug":"pm-registra-duas-tentativas-de-homicidio-no-sabado","status":"publish","type":"post","link":"https:\/\/diarioregionaldigital.com.br\/?p=112385","title":{"rendered":"PM registra duas tentativas de homic\u00eddio no s\u00e1bado"},"content":{"rendered":"<p>A Pol\u00edcia Militar (PM) registrou duas tentativas de homic\u00eddio em bairros diferentes de Juiz de Fora nesse s\u00e1bado, 21.<\/p>\n<p>Um dos crimes ocorreu por volta das 4h15, quando um jovem de 20 anos foi baleado na perna ao intervir na discuss\u00e3o entre um casal no bairro Manoel Hon\u00f3rio, Zona Leste da cidade.<\/p>\n<p>De acordo com o registro da ocorr\u00eancia, o autor, um homem de 33 anos, se desentendeu com sua namorada e o casal entrou em atrito verbal. Observando a discuss\u00e3o, a v\u00edtima e sua namorada intervieram, momento no qual o autor sacou uma arma e disparou contra os mesmos.<\/p>\n<p>O jovem foi atingido na perna esquerda, sendo socorrido pelo SAMU ao Hospital e Maternidade Therezinha de Jesus (HTMJ), onde constatou-se a perfura\u00e7\u00e3o e uma fratura no f\u00eamur. A v\u00edtima permaneceu internada na unidade.<\/p>\n<p>Ainda de acordo com informa\u00e7\u00f5es da PM, ao perceber a chegada da viatura no local do crime, o autor tentou fugir, mas foi detido. Ao ser submetido a busca pessoal, os policiais localizaram com ele uma pistola 9 mm, com 15 muni\u00e7\u00f5es intactas e duas deflagradas.<\/p>\n<p>Diante dos fatos, foi dada voz de pris\u00e3o em flagrante ao autor, que conduzido \u00e0 delegacia juntamente com os materiais apreendidos.<\/p>\n<p>&nbsp;<\/p>\n<p><span style=\"font-size: 12pt;\"><strong>REGI\u00c3O SUDESTE<\/strong><\/span><\/p>\n<p>No bairro Vila Olavo Costa, um adolescente de 15 anos foi atingido por dois tiros na noite de s\u00e1bado, 21. Conforme registro de ocorr\u00eancia, as balas atingiram o t\u00f3rax e o abd\u00f4men da v\u00edtima, que foi socorrida ao Hospital de Pronto Socorro (HPS).<\/p>\n<p>O menor repassou caracter\u00edsticas do suposto autor, um rapaz de 21 anos, por\u00e9m n\u00e3o afirmou que o mesmo seria o respons\u00e1vel pela tentativa de homic\u00eddio. A v\u00edtima tamb\u00e9m n\u00e3o informou poss\u00edveis motiva\u00e7\u00f5es para o crime.<\/p>\n","protected":false},"excerpt":{"rendered":"<p>A Pol\u00edcia Militar (PM) registrou duas tentativas de homic\u00eddio em bairros diferentes de Juiz de Fora nesse s\u00e1bado, 21. Um dos crimes ocorreu por volta das 4h15, quando um jovem de 20 anos foi baleado na perna ao intervir na discuss\u00e3o entre um casal no bairro Manoel Hon\u00f3rio, Zona Leste da cidade. De acordo com [&hellip;]<\/p>\n","protected":false},"author":96,"featured_media":95836,"comment_status":"closed","ping_status":"closed","sticky":false,"template":"","format":"standard","meta":{"footnotes":""},"categories":[301,439],"tags":[],"class_list":["post-112385","post","type-post","status-publish","format-standard","has-post-thumbnail","hentry","category-artigos-policiais","category-ultima-hora"],"_links":{"self":[{"href":"https:\/\/diarioregionaldigital.com.br\/index.php?rest_route=\/wp\/v2\/posts\/112385","targetHints":{"allow":["GET"]}}],"collection":[{"href":"https:\/\/diarioregionaldigital.com.br\/index.php?rest_route=\/wp\/v2\/posts"}],"about":[{"href":"https:\/\/diarioregionaldigital.com.br\/index.php?rest_route=\/wp\/v2\/types\/post"}],"author":[{"embeddable":true,"href":"https:\/\/diarioregionaldigital.com.br\/index.php?rest_route=\/wp\/v2\/users\/96"}],"replies":[{"embeddable":true,"href":"https:\/\/diarioregionaldigital.com.br\/index.php?rest_route=%2Fwp%2Fv2%2Fcomments&post=112385"}],"version-history":[{"count":0,"href":"https:\/\/diarioregionaldigital.com.br\/index.php?rest_route=\/wp\/v2\/posts\/112385\/revisions"}],"wp:featuredmedia":[{"embeddable":true,"href":"https:\/\/diarioregionaldigital.com.br\/index.php?rest_route=\/wp\/v2\/media\/95836"}],"wp:attachment":[{"href":"https:\/\/diarioregionaldigital.com.br\/index.php?rest_route=%2Fwp%2Fv2%2Fmedia&parent=112385"}],"wp:term":[{"taxonomy":"category","embeddable":true,"href":"https:\/\/diarioregionaldigital.com.br\/index.php?rest_route=%2Fwp%2Fv2%2Fcategories&post=112385"},{"taxonomy":"post_tag","embeddable":true,"href":"https:\/\/diarioregionaldigital.com.br\/index.php?rest_route=%2Fwp%2Fv2%2Ftags&post=112385"}],"curies":[{"name":"wp","href":"https:\/\/api.w.org\/{rel}","templated":true}]}}