{"id":112380,"date":"2018-07-23T07:33:24","date_gmt":"2018-07-23T10:33:24","guid":{"rendered":"http:\/\/diarioregionaljf.com.br\/?p=112380"},"modified":"2018-07-23T07:33:46","modified_gmt":"2018-07-23T10:33:46","slug":"romeu-zema-e-candidato-ao-governo-de-minas-pelo-novo","status":"publish","type":"post","link":"https:\/\/diarioregionaldigital.com.br\/?p=112380","title":{"rendered":"Romeu Zema \u00e9 candidato ao governo de Minas pelo NOVO"},"content":{"rendered":"<p>O Partido NOVO definiu na manh\u00e3 desse s\u00e1bado, 21, em Belo Horizonte a chapa que ir\u00e1 disputar as elei\u00e7\u00f5es 2018.\u00a0\u00a0Ao todo s\u00e3o 65 candidatos, sendo: um governador e vice-governador, um senador com dois suplentes, 23 para deputados estaduais, 37 para deputados federais. A decis\u00e3o da nominata foi feita pelos convencionais, formado pelos membros do diret\u00f3rio estadual e pelo presidente municipal de Belo Horizonte.<\/p>\n<p>Romeu Zema \u00e9 o candidato ao Governo de Minas Gerais, Paulo Brant, candidato a vice-governador e Rodrigo Paiva, candidato ao Senado. O evento que foi realizado no The One, das 10h \u00e0s 12h, contou com cerca de 300 pessoas.<\/p>\n<p>Muito aplaudido quando anunciado, o araxaense Romeu Zema que est\u00e1 fazendo a pr\u00e9-campanha mais barata &#8211; com seu pr\u00f3prio carro, dirigindo a maior parte do tempo, tendo visitado at\u00e9 hoje mais de 120 cidades e rodado mais de 35 mil km -, destacou o desejo da popula\u00e7\u00e3o mineira por mudan\u00e7as. &#8220;Estamos plantando algo muito mais grandioso que somente esta elei\u00e7\u00e3o. Estamos semeando a mudan\u00e7a e a renova\u00e7\u00e3o. Quero devolver Minas aos mineiros&#8221;, afirmou Zema. &#8220;N\u00f3s vamos continuar nossas andan\u00e7as pelo interior do Estado, somente nesta \u00faltima semana foram 12 cidades visitadas&#8221;, complementa.<\/p>\n<p>O Partido, que \u00e9 o mais novo entre os que v\u00e3o disputar as elei\u00e7\u00f5es 2018, sabe do trabalho e do grande desafio que tem pela frente e o candidato ao governo, Romeu Zema, afirmou: &#8220;Vou nadar contra a corrente, n\u00e3o vou desistir&#8221;.<\/p>\n<p>O candidato ao senado, Rodrigo Paiva, concorda com as ideias do Partido e do candidato ao governo e vai al\u00e9m. &#8220;Minas Gerais tem agora uma op\u00e7\u00e3o para resgatar a pol\u00edtica mineira no cen\u00e1rio nacional! Representamos o NOVO e vamos fazer a transforma\u00e7\u00e3o do Brasil com \u00e9tica, dedica\u00e7\u00e3o e trabalho&#8221;, enfatiza.<\/p>\n<p>Durante a conven\u00e7\u00e3o foram sorteados os n\u00fameros que cada candidato ir\u00e1 concorrer.\u00a0A legenda \u00e9 representada pelo n\u00famero 30 e, em sua primeira elei\u00e7\u00e3o (a municipal de 2016), concorreu em cinco capitais e conseguiu eleger vereadores em quatro delas (S\u00e3o Paulo, Rio de Janeiro, Porto Alegre e\u00a0Belo Horizonte &#8211; o vereador Mateus Sim\u00f5es). A ideia agora \u00e9 ampliar esse n\u00famero de cidades representadas pelo Partido.<\/p>\n<p>O per\u00edodo para a realiza\u00e7\u00e3o da conven\u00e7\u00e3o come\u00e7ou dia 20 de julho e vai at\u00e9 o dia 5 de agosto. O NOVO \u00e9 um dos primeiros partidos de Minas Gerais a decidir quais ser\u00e3o os candidatos que v\u00e3o disputar em outubro. Na elei\u00e7\u00e3o deste ano, o NOVO disputar\u00e1 a Presid\u00eancia da Rep\u00fablica e lan\u00e7ar\u00e1 candidatos a deputado federal e senadores em 18 estados mais o Distrito Federal. Al\u00e9m disso, colocou como objetivo disputar o governo de S\u00e3o Paulo, Minas Gerais, Paran\u00e1, Rio Grande do Sul e Rio de Janeiro.\u200b<\/p>\n<p>&nbsp;<\/p>\n<p>Fonte: Assessoria<\/p>\n","protected":false},"excerpt":{"rendered":"<p>O Partido NOVO definiu na manh\u00e3 desse s\u00e1bado, 21, em Belo Horizonte a chapa que ir\u00e1 disputar as elei\u00e7\u00f5es 2018.\u00a0\u00a0Ao todo s\u00e3o 65 candidatos, sendo: um governador e vice-governador, um senador com dois suplentes, 23 para deputados estaduais, 37 para deputados federais. A decis\u00e3o da nominata foi feita pelos convencionais, formado pelos membros do diret\u00f3rio [&hellip;]<\/p>\n","protected":false},"author":96,"featured_media":112381,"comment_status":"closed","ping_status":"closed","sticky":false,"template":"","format":"standard","meta":{"footnotes":""},"categories":[436,254,439],"tags":[],"class_list":["post-112380","post","type-post","status-publish","format-standard","has-post-thumbnail","hentry","category-destaque-da-semana","category-politica","category-ultima-hora"],"_links":{"self":[{"href":"https:\/\/diarioregionaldigital.com.br\/index.php?rest_route=\/wp\/v2\/posts\/112380","targetHints":{"allow":["GET"]}}],"collection":[{"href":"https:\/\/diarioregionaldigital.com.br\/index.php?rest_route=\/wp\/v2\/posts"}],"about":[{"href":"https:\/\/diarioregionaldigital.com.br\/index.php?rest_route=\/wp\/v2\/types\/post"}],"author":[{"embeddable":true,"href":"https:\/\/diarioregionaldigital.com.br\/index.php?rest_route=\/wp\/v2\/users\/96"}],"replies":[{"embeddable":true,"href":"https:\/\/diarioregionaldigital.com.br\/index.php?rest_route=%2Fwp%2Fv2%2Fcomments&post=112380"}],"version-history":[{"count":0,"href":"https:\/\/diarioregionaldigital.com.br\/index.php?rest_route=\/wp\/v2\/posts\/112380\/revisions"}],"wp:featuredmedia":[{"embeddable":true,"href":"https:\/\/diarioregionaldigital.com.br\/index.php?rest_route=\/wp\/v2\/media\/112381"}],"wp:attachment":[{"href":"https:\/\/diarioregionaldigital.com.br\/index.php?rest_route=%2Fwp%2Fv2%2Fmedia&parent=112380"}],"wp:term":[{"taxonomy":"category","embeddable":true,"href":"https:\/\/diarioregionaldigital.com.br\/index.php?rest_route=%2Fwp%2Fv2%2Fcategories&post=112380"},{"taxonomy":"post_tag","embeddable":true,"href":"https:\/\/diarioregionaldigital.com.br\/index.php?rest_route=%2Fwp%2Fv2%2Ftags&post=112380"}],"curies":[{"name":"wp","href":"https:\/\/api.w.org\/{rel}","templated":true}]}}