{"id":112365,"date":"2018-07-22T06:00:57","date_gmt":"2018-07-22T09:00:57","guid":{"rendered":"http:\/\/diarioregionaljf.com.br\/?p=112365"},"modified":"2018-07-20T19:31:45","modified_gmt":"2018-07-20T22:31:45","slug":"mais-de-70-mil-motoristas-possuem-pendencia-com-o-detran-em-juiz-de-fora","status":"publish","type":"post","link":"https:\/\/diarioregionaldigital.com.br\/?p=112365","title":{"rendered":"Mais de 70 mil motoristas possuem pend\u00eancia com o Detran em Juiz de Fora"},"content":{"rendered":"<p>Cerca de 70.450 motoristas em Juiz de Fora possuem alguma pend\u00eancia com o Departamento de Tr\u00e2nsito de Minas Gerais (Detran-MG) e correm o risco de n\u00e3o ter o seu Certificado de Registro e Licenciamento de Ve\u00edculo (CRLV) de 2018 emitido.<\/p>\n<p>De acordo com a determina\u00e7\u00e3o do Detran, relembrou delegada Regional de Juiz de Fora, Patr\u00edcia Ribeiro, o documento deveria ser regularizado pelos propriet\u00e1rios de placas com final 1, 2, 3, 4 e 5, at\u00e9 30 de junho. J\u00e1 para os finais 6,7,8, 9 e 0, o prazo est\u00e1 chegando: 31 de julho. \u201cA falta de licenciamento gera a apreens\u00e3o do ve\u00edculo e multa\u201d, completou a delegada. O motorista ser\u00e1 multado em cerca de R$293, somando sete pontos na carteira.<\/p>\n<p>Para receber o CRLV, o propriet\u00e1rio de ve\u00edculo dever\u00e1 ter quitado o Imposto sobre a Propriedade de Ve\u00edculos Automotores (IPVA), o Seguro DPVAT, eventuais multas de tr\u00e2nsito e a Taxa de Renova\u00e7\u00e3o do Licenciamento Anual de Ve\u00edculo (TRLAV).<\/p>\n<p>O munic\u00edpio possui 228.732 ve\u00edculos em condi\u00e7\u00e3o de licenciamento. Aproximadamente 158.280 est\u00e3o regularizados e cerca de 70.450 n\u00e3o est\u00e3o licenciados. Entre as maiores pend\u00eancias s\u00e3o d\u00e9bitos com taxa de licenciamento (53.830), de IPVA (49.910) e de seguro (53.251). Ou seja, condutores com mais de uma pend\u00eancia com o Departamento de Tr\u00e2nsito.<\/p>\n<div id=\"attachment_112367\" style=\"width: 3466px\" class=\"wp-caption alignnone\"><img loading=\"lazy\" decoding=\"async\" aria-describedby=\"caption-attachment-112367\" class=\"size-full wp-image-112367\" src=\"http:\/\/diarioregionaljf.com.br\/wp-content\/uploads\/2018\/07\/detran.jpg\" alt=\"\" width=\"3456\" height=\"2304\" srcset=\"https:\/\/diarioregionaldigital.com.br\/wp-content\/uploads\/2018\/07\/detran.jpg 3456w, https:\/\/diarioregionaldigital.com.br\/wp-content\/uploads\/2018\/07\/detran-300x200.jpg 300w, https:\/\/diarioregionaldigital.com.br\/wp-content\/uploads\/2018\/07\/detran-768x512.jpg 768w, https:\/\/diarioregionaldigital.com.br\/wp-content\/uploads\/2018\/07\/detran-1024x683.jpg 1024w, https:\/\/diarioregionaldigital.com.br\/wp-content\/uploads\/2018\/07\/detran-360x240.jpg 360w\" sizes=\"auto, (max-width: 3456px) 100vw, 3456px\" \/><p id=\"caption-attachment-112367\" class=\"wp-caption-text\">Departamento registra casos de condutores com mais de uma pend\u00eancia. Foto: Rafaela Frutuoso<\/p><\/div>\n<p>\u201cNo site do Detran, o motorista consegue conferir se possui alguma multa ou outra pend\u00eancia. Ele consegue acertar estes d\u00e9bitos fora do prazo, com juros, mas o que n\u00e3o pode \u00e9 circular sem o licenciamento porque estar\u00e1 correndo o risco de ter o ve\u00edculo apreendido e ainda por cima pagar uma multa\u201d, alertou Patr\u00edcia.<\/p>\n<p>Outra orienta\u00e7\u00e3o da delegada \u00e9 que os condutores inadimplentes procurem a Delegacia de Tr\u00e2nsito ap\u00f3s quitar as d\u00edvidas. \u201cMuitas pessoas v\u00eam \u00e0 Delegacia sem saber disso e acaba enfrentando fila [para descobrir suas pend\u00eancias]. Confira no site, pague e depois nos procure para a emiss\u00e3o do documento, caso n\u00e3o queira sair de casa basta aguardar por no m\u00e1ximo uma semana que ele \u00e9 entregue pelos Correios\u201d, finalizou.<\/p>\n<p>Em caso de n\u00e3o recebimento da documenta\u00e7\u00e3o, \u00e9 poss\u00edvel consultar no site www.detran.mg.gov.br \u2013 \u201cconsulta situa\u00e7\u00e3o do ve\u00edculo\u201d para informa\u00e7\u00f5es sobre os motivos do n\u00e3o licenciamento.<\/p>\n<p>&nbsp;<\/p>\n<p><strong>MINAS GERAIS <\/strong><\/p>\n<p>Atualmente, em Minas Gerais existem mais de 9,4 milh\u00f5es de ve\u00edculos registrados em condi\u00e7\u00f5es de licenciamento. No entanto, de acordo com o dado mais recente do Detran-MG, cerca de 32% destes ve\u00edculos t\u00eam alguma pend\u00eancia registrada no sistema do \u00f3rg\u00e3o.<\/p>\n<p>De acordo com o Departamento, d\u00e9bitos com IPVA (2.190.301), seguro (2.332.551) e taxa de licenciamento (2.264.092) tamb\u00e9m s\u00e3o as maiores pend\u00eancias registradas entre os motoristas mineiros.<\/p>\n<p>A Secretaria de Estado de Fazenda de Minas Gerais (SEF\/MG) informou que at\u00e9 essa ter\u00e7a-feira, 17, os cofres p\u00fablicos mineiros arrecadaram mais de R$4,2 bilh\u00f5es com o IPVA, cerca de 85% do total. Em rela\u00e7\u00e3o \u00e0 arrecada\u00e7\u00e3o com o TRLAV, a pasta afirmou que o Estado j\u00e1 recebeu mais de 580 milh\u00f5es, ou seja, aproximadamente 74% do devido.<\/p>\n<p>A Secretaria tamb\u00e9m divulgou o balan\u00e7o referente \u00e0 cidade de Juiz de Fora.<\/p>\n<p><img loading=\"lazy\" decoding=\"async\" class=\"size-full wp-image-112366 aligncenter\" src=\"http:\/\/diarioregionaljf.com.br\/wp-content\/uploads\/2018\/07\/quadro.jpg\" alt=\"\" width=\"1191\" height=\"699\" srcset=\"https:\/\/diarioregionaldigital.com.br\/wp-content\/uploads\/2018\/07\/quadro.jpg 1191w, https:\/\/diarioregionaldigital.com.br\/wp-content\/uploads\/2018\/07\/quadro-300x176.jpg 300w, https:\/\/diarioregionaldigital.com.br\/wp-content\/uploads\/2018\/07\/quadro-768x451.jpg 768w, https:\/\/diarioregionaldigital.com.br\/wp-content\/uploads\/2018\/07\/quadro-1024x601.jpg 1024w, https:\/\/diarioregionaldigital.com.br\/wp-content\/uploads\/2018\/07\/quadro-360x211.jpg 360w\" sizes=\"auto, (max-width: 1191px) 100vw, 1191px\" \/><\/p>\n<p>Quem est\u00e1 em atraso com os tributos pode fazer o pagamento nas redes banc\u00e1rias credenciadas ou, ainda, por meio de parcelamento em cart\u00e3o de cr\u00e9dito nos postos credenciados ao Departamento de Tr\u00e2nsito de Minas Gerais.<\/p>\n<p>&nbsp;<\/p>\n","protected":false},"excerpt":{"rendered":"<p>Cerca de 70.450 motoristas em Juiz de Fora possuem alguma pend\u00eancia com o Departamento de Tr\u00e2nsito de Minas Gerais (Detran-MG) e correm o risco de n\u00e3o ter o seu Certificado de Registro e Licenciamento de Ve\u00edculo (CRLV) de 2018 emitido. De acordo com a determina\u00e7\u00e3o do Detran, relembrou delegada Regional de Juiz de Fora, Patr\u00edcia [&hellip;]<\/p>\n","protected":false},"author":96,"featured_media":112368,"comment_status":"closed","ping_status":"closed","sticky":false,"template":"","format":"standard","meta":{"footnotes":""},"categories":[253,440,439],"tags":[],"class_list":["post-112365","post","type-post","status-publish","format-standard","has-post-thumbnail","hentry","category-cidade","category-destaques-do-dia","category-ultima-hora"],"_links":{"self":[{"href":"https:\/\/diarioregionaldigital.com.br\/index.php?rest_route=\/wp\/v2\/posts\/112365","targetHints":{"allow":["GET"]}}],"collection":[{"href":"https:\/\/diarioregionaldigital.com.br\/index.php?rest_route=\/wp\/v2\/posts"}],"about":[{"href":"https:\/\/diarioregionaldigital.com.br\/index.php?rest_route=\/wp\/v2\/types\/post"}],"author":[{"embeddable":true,"href":"https:\/\/diarioregionaldigital.com.br\/index.php?rest_route=\/wp\/v2\/users\/96"}],"replies":[{"embeddable":true,"href":"https:\/\/diarioregionaldigital.com.br\/index.php?rest_route=%2Fwp%2Fv2%2Fcomments&post=112365"}],"version-history":[{"count":0,"href":"https:\/\/diarioregionaldigital.com.br\/index.php?rest_route=\/wp\/v2\/posts\/112365\/revisions"}],"wp:featuredmedia":[{"embeddable":true,"href":"https:\/\/diarioregionaldigital.com.br\/index.php?rest_route=\/wp\/v2\/media\/112368"}],"wp:attachment":[{"href":"https:\/\/diarioregionaldigital.com.br\/index.php?rest_route=%2Fwp%2Fv2%2Fmedia&parent=112365"}],"wp:term":[{"taxonomy":"category","embeddable":true,"href":"https:\/\/diarioregionaldigital.com.br\/index.php?rest_route=%2Fwp%2Fv2%2Fcategories&post=112365"},{"taxonomy":"post_tag","embeddable":true,"href":"https:\/\/diarioregionaldigital.com.br\/index.php?rest_route=%2Fwp%2Fv2%2Ftags&post=112365"}],"curies":[{"name":"wp","href":"https:\/\/api.w.org\/{rel}","templated":true}]}}