{"id":112360,"date":"2018-07-20T19:21:16","date_gmt":"2018-07-20T22:21:16","guid":{"rendered":"http:\/\/diarioregionaljf.com.br\/?p=112360"},"modified":"2018-07-20T20:14:05","modified_gmt":"2018-07-20T23:14:05","slug":"ufjf-oferta-mais-de-duas-mil-vagas-pelo-pism-em-2019","status":"publish","type":"post","link":"https:\/\/diarioregionaldigital.com.br\/?p=112360","title":{"rendered":"UFJF oferta mais de duas mil vagas pelo Pism em 2019"},"content":{"rendered":"<p>A Universidade Federal de Juiz de Fora (UFJF) publicou na manh\u00e3 dessa seta-feira, 20, o edital do Programa de Ingresso Seletivo Misto (Pism) 2019. A institui\u00e7\u00e3o oferta 1.908 vagas em 62 cursos em Juiz de Fora e 415 vagas em dez cursos no campus avan\u00e7ado no munic\u00edpio de Governador Valadares.<\/p>\n<p>As inscri\u00e7\u00f5es come\u00e7am no dia 6 de agosto, segunda-feira, e v\u00e3o at\u00e9 o dia 27 do mesmo m\u00eas. A pr\u00f3-reitora de Gradua\u00e7\u00e3o da UFJF, Maria Carmen Sim\u00f5es Cardoso de Melo, orientou que os candidatos fiquem atentos aos prazos e mudan\u00e7as desta nova edi\u00e7\u00e3o. \u201cO edital \u00e9 longo, mas traz todas as informa\u00e7\u00f5es que eles v\u00e3o precisar. Por exemplo, o prazo para os candidatos que precisar\u00e3o de atendimento especializado \u00e9 o mesmo que o per\u00edodo de inscri\u00e7\u00e3o. Al\u00e9m disso, os pedidos de isen\u00e7\u00e3o devem ser feitos entre os dias 6 e 10 de agosto\u201d, esclareceu.<\/p>\n<p>Um das novidades apresentadas pela pr\u00f3-reitora \u00e9 que todo o processo de inscri\u00e7\u00e3o, assim como as solicita\u00e7\u00f5es de isen\u00e7\u00e3o, de atendimento especializado e nome social, ser\u00e1 feito exclusivamente online. O formul\u00e1rio de inscri\u00e7\u00e3o on-line contar\u00e1 com meios de anexar documentos digitalizados necess\u00e1rios para esses tipos de requisi\u00e7\u00e3o, como comprova\u00e7\u00f5es de baixa renda, laudos m\u00e9dicos e atestado comprobat\u00f3rio de sua confiss\u00e3o religiosa.<\/p>\n<p>Para se inscrever, o candidato deve acessar o site da Coordena\u00e7\u00e3o Geral de Processos Seletivos (Copese) at\u00e9 as 18h do dia 27 de agosto. A taxa de inscri\u00e7\u00e3o \u00e9 no valor de R$120 e dever ser paga at\u00e9 20h do dia 28 de agosto, exclusivamente no Banco do Brasil. As provas ser\u00e3o aplicadas nos dias 1\u00b0 e 2 de dezembro, das 13h \u00e0s 17h30.<\/p>\n<p>\u201cOs candidatos n\u00e3o poder\u00e3o entrar nos locais de provas com l\u00e1pis. Muitos alunos come\u00e7am a prova a l\u00e1pis e n\u00e3o conseguem administrar o tempo e n\u00e3o passam a caneta nas respostas, que n\u00e3o podem ser corrigidas. Ent\u00e3o, a decis\u00e3o foi tomada para evitar estes casos\u201d, contou a pr\u00f3-reitora sobre outra modifica\u00e7\u00e3o nesta edi\u00e7\u00e3o do Pism.<\/p>\n<p>Outra mudan\u00e7a \u00e9 que ap\u00f3s a realiza\u00e7\u00e3o das provas, os candidatos poder\u00e3o levar o caderno de perguntas para casa. \u201cEles receber\u00e3o o caderno com todas as perguntas que devem ser respondidas e uma folha de respostas, com espa\u00e7os para as quest\u00f5es objetivas e discursivas, a parte\u201d, disse Maria Carmen.<\/p>\n<div id=\"attachment_112362\" style=\"width: 6026px\" class=\"wp-caption alignnone\"><img loading=\"lazy\" decoding=\"async\" aria-describedby=\"caption-attachment-112362\" class=\"size-full wp-image-112362\" src=\"http:\/\/diarioregionaljf.com.br\/wp-content\/uploads\/2018\/07\/ufjfpism-1.jpg\" alt=\"\" width=\"6016\" height=\"4016\" srcset=\"https:\/\/diarioregionaldigital.com.br\/wp-content\/uploads\/2018\/07\/ufjfpism-1.jpg 6016w, https:\/\/diarioregionaldigital.com.br\/wp-content\/uploads\/2018\/07\/ufjfpism-1-300x200.jpg 300w, https:\/\/diarioregionaldigital.com.br\/wp-content\/uploads\/2018\/07\/ufjfpism-1-768x513.jpg 768w, https:\/\/diarioregionaldigital.com.br\/wp-content\/uploads\/2018\/07\/ufjfpism-1-1024x684.jpg 1024w, https:\/\/diarioregionaldigital.com.br\/wp-content\/uploads\/2018\/07\/ufjfpism-1-360x240.jpg 360w\" sizes=\"auto, (max-width: 6016px) 100vw, 6016px\" \/><p id=\"caption-attachment-112362\" class=\"wp-caption-text\">A pr\u00f3-reitora de Gradua\u00e7\u00e3o da UFJF, Maria Carmen Sim\u00f5es Cardoso de Melo, apresentou as modifica\u00e7\u00f5es do processo \u00e0 imprensa. Foto: Twin Alvarenga\/UFJF<\/p><\/div>\n<p>&nbsp;<\/p>\n<p><strong>SISTEMA DE COTAS<\/strong><\/p>\n<p>A pr\u00f3-reitora de Gradua\u00e7\u00e3o da UFJF relembrou que 50% das vagas ofertadas s\u00e3o destinadas a alunos que estudaram os tr\u00eas anos do Ensino M\u00e9dio em escola p\u00fablica. Em seguida, eles s\u00e3o divididos em quatro grupos (A, B, D e E). O primeiro crit\u00e9rio \u00e9 a renda per capita familiar. Aqueles candidatos que possuem a renda per capita igual ou inferior a 1,5 sal\u00e1rio m\u00ednimo est\u00e3o entre os grupos A e B. J\u00e1 aqueles que possuem a renda per capita superior a 1,5 sal\u00e1rio m\u00ednimo, entre D e E.<\/p>\n<p>O segundo crit\u00e9rio \u00e9 a etnia do candidato. Se ele se autodeclara preto, pardo ou ind\u00edgena o seu grupo de cota ser\u00e1 o A ou D. Por exemplo, um estudante negro, de escola p\u00fablica e com a renda per capita inferior a 1,5 sal\u00e1rio m\u00ednimo, ele \u00e9 um candidato do grupo A. Os estudantes caucasianos ficam entre os grupos B e E, dependendo da renda. J\u00e1 os alunos oriundos das institui\u00e7\u00f5es particulares se enquadram no grupo C.<\/p>\n<p>\u201cAquele candidato que se inscreve para um desses grupos e n\u00e3o faz jus a ele, perde totalmente o direito \u00e0quela vaga e ainda est\u00e1 sujeito a outras san\u00e7\u00f5es determinadas na legisla\u00e7\u00e3o. \u00c0s vezes, o candidato faz, mas n\u00e3o \u00e9 por m\u00e1 inten\u00e7\u00e3o e sim por desinforma\u00e7\u00e3o, Por isso, \u00e9 importante que ele esteja atento e fa\u00e7a uma an\u00e1lise de sua situa\u00e7\u00e3o\u201d, alertou Maria Carmen.<\/p>\n<p>A UFJF possui uma comiss\u00e3o de matr\u00edcula, na qual \u00e9 respons\u00e1vel por fazer a an\u00e1lise socioecon\u00f4mica dos candidatos que entraram pela cota de renda baixa e entrevistas com aqueles que ingressaram atrav\u00e9s de vagas destinadas a candidatos com defici\u00eancia. A pr\u00f3-reitora relembrou que dentre as novidades para o processo do pr\u00f3ximo ano \u00e9 a instaura\u00e7\u00e3o da comiss\u00e3o que vai avaliar as autodeclara\u00e7\u00f5es, instaurada ap\u00f3s den\u00fancias de fraude no sistema de cotas.<\/p>\n<p>\u201cNa \u00e9poca da matr\u00edcula, ser\u00e1 publicada as especifica\u00e7\u00f5es que aluno precisa seguir para efetiv\u00e1-la como, as datas de entrevistas e apresenta\u00e7\u00e3o de algum documento. Se ele fez uma declara\u00e7\u00e3o e n\u00e3o comprovar que faz jus a ela, ele perde a vaga, que vai sendo ofertada nos editais de reclassifica\u00e7\u00e3o\u201d, frisou.<\/p>\n<p>A banca de verifica\u00e7\u00e3o de veracidade da autodeclara\u00e7\u00e3o ser\u00e1 um procedimento obrigat\u00f3rio para a efetiva\u00e7\u00e3o da matr\u00edcula e a n\u00e3o confirma\u00e7\u00e3o da veracidade implica em perda da vaga. A medida ser\u00e1 tomada para garantir que as vagas sejam destinadas somente \u00e0s pessoas que t\u00eam direito a elas.<\/p>\n<p>Vale lembrar, que os candidatos devem optar pelo grupo de cota no ato de inscri\u00e7\u00e3o para as provas do PISM III, por ser a \u00faltima etapa do processo antes do ingresso na institui\u00e7\u00e3o.<\/p>\n<p>&nbsp;<\/p>\n<p><strong>LOCAIS DE PROVA<\/strong><\/p>\n<p>O local de prova de cada candidato estar\u00e1 contido no comprovante definitivo de inscri\u00e7\u00e3o. As provas ser\u00e3o realizadas, al\u00e9m de Juiz de Fora e Governador Valadares, em Muria\u00e9 e Volta Redonda (RJ).<\/p>\n<p>O comprovante definitivo de inscri\u00e7\u00e3o dever\u00e1 ser acessado e impresso pelos pr\u00f3prios candidatos a partir das 15h do dia 20 de novembro. A UFJF n\u00e3o enviar\u00e1 o documento pelos Correios nem o entregar\u00e1 pessoalmente.<\/p>\n<p>&nbsp;<\/p>\n<p>&nbsp;<\/p>\n<p>&nbsp;<\/p>\n<p>&nbsp;<\/p>\n","protected":false},"excerpt":{"rendered":"<p>A Universidade Federal de Juiz de Fora (UFJF) publicou na manh\u00e3 dessa seta-feira, 20, o edital do Programa de Ingresso Seletivo Misto (Pism) 2019. A institui\u00e7\u00e3o oferta 1.908 vagas em 62 cursos em Juiz de Fora e 415 vagas em dez cursos no campus avan\u00e7ado no munic\u00edpio de Governador Valadares. As inscri\u00e7\u00f5es come\u00e7am no dia [&hellip;]<\/p>\n","protected":false},"author":96,"featured_media":112363,"comment_status":"closed","ping_status":"closed","sticky":false,"template":"","format":"standard","meta":{"footnotes":""},"categories":[253,440,439],"tags":[],"class_list":["post-112360","post","type-post","status-publish","format-standard","has-post-thumbnail","hentry","category-cidade","category-destaques-do-dia","category-ultima-hora"],"_links":{"self":[{"href":"https:\/\/diarioregionaldigital.com.br\/index.php?rest_route=\/wp\/v2\/posts\/112360","targetHints":{"allow":["GET"]}}],"collection":[{"href":"https:\/\/diarioregionaldigital.com.br\/index.php?rest_route=\/wp\/v2\/posts"}],"about":[{"href":"https:\/\/diarioregionaldigital.com.br\/index.php?rest_route=\/wp\/v2\/types\/post"}],"author":[{"embeddable":true,"href":"https:\/\/diarioregionaldigital.com.br\/index.php?rest_route=\/wp\/v2\/users\/96"}],"replies":[{"embeddable":true,"href":"https:\/\/diarioregionaldigital.com.br\/index.php?rest_route=%2Fwp%2Fv2%2Fcomments&post=112360"}],"version-history":[{"count":0,"href":"https:\/\/diarioregionaldigital.com.br\/index.php?rest_route=\/wp\/v2\/posts\/112360\/revisions"}],"wp:featuredmedia":[{"embeddable":true,"href":"https:\/\/diarioregionaldigital.com.br\/index.php?rest_route=\/wp\/v2\/media\/112363"}],"wp:attachment":[{"href":"https:\/\/diarioregionaldigital.com.br\/index.php?rest_route=%2Fwp%2Fv2%2Fmedia&parent=112360"}],"wp:term":[{"taxonomy":"category","embeddable":true,"href":"https:\/\/diarioregionaldigital.com.br\/index.php?rest_route=%2Fwp%2Fv2%2Fcategories&post=112360"},{"taxonomy":"post_tag","embeddable":true,"href":"https:\/\/diarioregionaldigital.com.br\/index.php?rest_route=%2Fwp%2Fv2%2Ftags&post=112360"}],"curies":[{"name":"wp","href":"https:\/\/api.w.org\/{rel}","templated":true}]}}