{"id":112357,"date":"2018-07-22T06:00:54","date_gmt":"2018-07-22T09:00:54","guid":{"rendered":"http:\/\/diarioregionaljf.com.br\/?p=112357"},"modified":"2018-08-13T20:23:07","modified_gmt":"2018-08-13T23:23:07","slug":"prefeitura-municipal-de-santana-do-deserto-aviso-22-07-18","status":"publish","type":"post","link":"https:\/\/diarioregionaldigital.com.br\/?p=112357","title":{"rendered":"Prefeitura Municipal de Santana do Deserto &#8211; Aviso 22\/07\/18"},"content":{"rendered":"<p style=\"text-align: center;\"><strong>PREFEITURA<em> MUNICIPAL DE SANTANA DO DESERTO<\/em><\/strong><\/p>\n<p style=\"text-align: center;\">Licita\u00e7\u00e3o n\u00b0 082\/2018 \u2013 Preg\u00e3o Presencial n\u00b0 018\/2018- O Munic\u00edpio de Santana do Deserto, na forma da lei, faz saber que \u00e0s 09h00min do dia 06 de agosto de 2018, na Prefeitura, na sala de licita\u00e7\u00e3o, localizada \u00e0 P\u00e7a. Mauro Roquete Pinto, Santana do Deserto, ser\u00e1 realizada licita\u00e7\u00e3o para contrata\u00e7\u00e3o de empresa jur\u00eddica para presta\u00e7\u00e3o de servi\u00e7os multiprofissionais para atendimento a pessoa portadora de necessidades especiais.Tipo Menor Pre\u00e7o Globalconforme consta no edital que se encontra a disposi\u00e7\u00e3o de todos na Prefeitura, ou em:\u00a0<a href=\"mailto:licitacao@santanadodeserto.mg.gov.br\">licitacao@santanadodeserto.mg.gov.br<\/a><\/p>\n","protected":false},"excerpt":{"rendered":"<p>PREFEITURA MUNICIPAL DE SANTANA DO DESERTO Licita\u00e7\u00e3o n\u00b0 082\/2018 \u2013 Preg\u00e3o Presencial n\u00b0 018\/2018- O Munic\u00edpio de Santana do Deserto, na forma da lei, faz saber que \u00e0s 09h00min do dia 06 de agosto de 2018, na Prefeitura, na sala de licita\u00e7\u00e3o, localizada \u00e0 P\u00e7a. Mauro Roquete Pinto, Santana do Deserto, ser\u00e1 realizada licita\u00e7\u00e3o para [&hellip;]<\/p>\n","protected":false},"author":96,"featured_media":0,"comment_status":"closed","ping_status":"closed","sticky":false,"template":"","format":"standard","meta":{"footnotes":""},"categories":[307],"tags":[],"class_list":["post-112357","post","type-post","status-publish","format-standard","hentry","category-editais"],"_links":{"self":[{"href":"https:\/\/diarioregionaldigital.com.br\/index.php?rest_route=\/wp\/v2\/posts\/112357","targetHints":{"allow":["GET"]}}],"collection":[{"href":"https:\/\/diarioregionaldigital.com.br\/index.php?rest_route=\/wp\/v2\/posts"}],"about":[{"href":"https:\/\/diarioregionaldigital.com.br\/index.php?rest_route=\/wp\/v2\/types\/post"}],"author":[{"embeddable":true,"href":"https:\/\/diarioregionaldigital.com.br\/index.php?rest_route=\/wp\/v2\/users\/96"}],"replies":[{"embeddable":true,"href":"https:\/\/diarioregionaldigital.com.br\/index.php?rest_route=%2Fwp%2Fv2%2Fcomments&post=112357"}],"version-history":[{"count":0,"href":"https:\/\/diarioregionaldigital.com.br\/index.php?rest_route=\/wp\/v2\/posts\/112357\/revisions"}],"wp:attachment":[{"href":"https:\/\/diarioregionaldigital.com.br\/index.php?rest_route=%2Fwp%2Fv2%2Fmedia&parent=112357"}],"wp:term":[{"taxonomy":"category","embeddable":true,"href":"https:\/\/diarioregionaldigital.com.br\/index.php?rest_route=%2Fwp%2Fv2%2Fcategories&post=112357"},{"taxonomy":"post_tag","embeddable":true,"href":"https:\/\/diarioregionaldigital.com.br\/index.php?rest_route=%2Fwp%2Fv2%2Ftags&post=112357"}],"curies":[{"name":"wp","href":"https:\/\/api.w.org\/{rel}","templated":true}]}}