{"id":112278,"date":"2018-07-22T06:00:54","date_gmt":"2018-07-22T09:00:54","guid":{"rendered":"http:\/\/diarioregionaljf.com.br\/?p=112278"},"modified":"2018-07-23T21:19:41","modified_gmt":"2018-07-24T00:19:41","slug":"in-moda-22-de-julho-de-2018","status":"publish","type":"post","link":"https:\/\/diarioregionaldigital.com.br\/?p=112278","title":{"rendered":"IN MODA &#8211; 22 DE JULHO DE 2018"},"content":{"rendered":"<p style=\"text-align: center;\"><span style=\"font-size: 18pt;\"><strong>FASHION NEWS<\/strong><\/span><\/p>\n<p><strong>\u00a0<\/strong><\/p>\n<ul>\n<li><strong>LAB E C&amp;A<\/strong><\/li>\n<\/ul>\n<p><strong>\u00a0<\/strong>A LAB, marca do rapper Emicida e seu irm\u00e3o Fi\u00f3ti, lan\u00e7a esse m\u00eas a cole\u00e7\u00e3o \u201cA rua \u00e9 Noiz\u201d em parceria com a C&amp;A. A partir do dia 24 de julho as pe\u00e7as com refer\u00eancia streetwear, ess\u00eancia da marca, poder\u00e3o ser encontradas nas lojas selecionadas da C&amp;A e no e-commerce. A cole\u00e7\u00e3o conta com produtos masculinos e femininos, entre eles casacos, camisas, jaquetas, vestidos, tops e bodys.<\/p>\n<p><img loading=\"lazy\" decoding=\"async\" class=\"size-full wp-image-112282 aligncenter\" src=\"http:\/\/diarioregionaljf.com.br\/wp-content\/uploads\/2018\/07\/labecea-1.jpg\" alt=\"\" width=\"438\" height=\"658\" srcset=\"https:\/\/diarioregionaldigital.com.br\/wp-content\/uploads\/2018\/07\/labecea-1.jpg 438w, https:\/\/diarioregionaldigital.com.br\/wp-content\/uploads\/2018\/07\/labecea-1-200x300.jpg 200w, https:\/\/diarioregionaldigital.com.br\/wp-content\/uploads\/2018\/07\/labecea-1-360x541.jpg 360w\" sizes=\"auto, (max-width: 438px) 100vw, 438px\" \/><\/p>\n<p>&nbsp;<\/p>\n<ul>\n<li><strong>BURBERRY E VIVIENNE WESTWOOD<\/strong><\/li>\n<\/ul>\n<p><strong>\u00a0<\/strong>Vivienne Westwood \u00e9 a pr\u00f3xima parceria da Burberry! Riccardo Tisci, que assumiu a marca em mar\u00e7o desse ano, d\u00e1 sua primeira grande tacada e segundo ele, Vivienne foi uma das primeiras designers que o fizeram sonhar em ser estilista. A cole\u00e7\u00e3o ser\u00e1 lan\u00e7ada em dezembro, em edi\u00e7\u00e3o limitada e parte dos lucros ir\u00e1 para uma ONG de apoio \u00e0 Floresta Amaz\u00f4nica, a Cool Earth.<\/p>\n<p><strong>\u00a0<img loading=\"lazy\" decoding=\"async\" class=\"size-full wp-image-112283 aligncenter\" src=\"http:\/\/diarioregionaljf.com.br\/wp-content\/uploads\/2018\/07\/burberry.jpg\" alt=\"\" width=\"810\" height=\"648\" srcset=\"https:\/\/diarioregionaldigital.com.br\/wp-content\/uploads\/2018\/07\/burberry.jpg 810w, https:\/\/diarioregionaldigital.com.br\/wp-content\/uploads\/2018\/07\/burberry-300x240.jpg 300w, https:\/\/diarioregionaldigital.com.br\/wp-content\/uploads\/2018\/07\/burberry-768x614.jpg 768w, https:\/\/diarioregionaldigital.com.br\/wp-content\/uploads\/2018\/07\/burberry-360x288.jpg 360w\" sizes=\"auto, (max-width: 810px) 100vw, 810px\" \/><\/strong><\/p>\n<hr \/>\n<p style=\"text-align: center;\"><span style=\"font-size: 18pt;\"><strong>ARRUMANDO AS MALAS<\/strong><\/span><\/p>\n<p>Algu\u00e9m falou f\u00e9rias?!<\/p>\n<p>Bora arrumar as malas! Pense no seu guarda-roupa de f\u00e9rias de acordo com o destino e a dura\u00e7\u00e3o da viagem, \u00e9 o primeiro passo.<\/p>\n<p><strong>#Fique de olho nas dicas<\/strong><\/p>\n<p>Escolha as pe\u00e7as e separe tudo em cima da cama para visualizar melhor. Essa \u00e9 a hora de tirar o excesso! Procure coordenar as cores para otimizar os looks, as cores neutras s\u00e3o mais f\u00e1ceis de combinar.<\/p>\n<p>Abuse dos acess\u00f3rios eles mudam a cara dos looks. Len\u00e7os s\u00e3o \u00f3timos recursos e n\u00e3o pesam, as bandanas est\u00e3o com tudo nas produ\u00e7\u00f5es<\/p>\n<p><strong>Sapatos: <\/strong>guarde-os em embalagens de tecido para n\u00e3o sujar as roupas. Escolha tons neutros que combinam com todos os looks, varie nos modelos.<\/p>\n<p><strong>Looks:<\/strong> \u00e9 a hora de testar 1 pe\u00e7a, 3 looks. Otimize suas produ\u00e7\u00f5es e use a mesma pe\u00e7a de maneiras diferente. Pe\u00e7as b\u00e1sicas s\u00e3o \u00f3timas \u201cpontes\u201d para as produ\u00e7\u00f5es, incremente o look com a terceira pe\u00e7a como coletes, jaquetas, cardigans. O ideal \u00e9 montar as produ\u00e7\u00f5es e fotografar os looks, ajuda muito!<\/p>\n<p>Leve os itens de beleza na bagagem de m\u00e3o.<\/p>\n<p><strong>Lembre-se: <\/strong>saia de casa somente com os volumes que consegue carregar, \u00e9 uma boa medida para saber se exagerou.<\/p>\n<hr \/>\n<p style=\"text-align: center;\"><span style=\"font-size: 18pt;\"><strong>UMA PE\u00c7A E CENTENAS DE LOOKS<\/strong><\/span><\/p>\n<p><strong>\u00a0<\/strong>Se for para escolher apenas uma cal\u00e7a para complementar v\u00e1rios looks na sua mala de viagem, esta pe\u00e7a com certeza seria uma mommy jeans. Elas est\u00e3o super em alta e atendem looks de ver\u00e3o e looks invernais, tornando-os ainda mais estilosos e fashionistas como todo mundo quer. Um look over size cai bem com camisas de bot\u00e3o, maxi casacos ou uma simples t-shirt. Para mostrar as curvas um body bem estiloso \u00e9 a melhor pedida. Nos p\u00e9s, um salto m\u00e9dio, um t\u00eanis e at\u00e9 um salto alto, porque essa pe\u00e7a querida vai at\u00e9 para a noite.<\/p>\n<p>&nbsp;<\/p>\n<p><img loading=\"lazy\" decoding=\"async\" class=\"wp-image-112285 aligncenter\" src=\"http:\/\/diarioregionaljf.com.br\/wp-content\/uploads\/2018\/07\/umapecaum-1-244x300.jpeg\" alt=\"\" width=\"268\" height=\"330\" srcset=\"https:\/\/diarioregionaldigital.com.br\/wp-content\/uploads\/2018\/07\/umapecaum-1-244x300.jpeg 244w, https:\/\/diarioregionaldigital.com.br\/wp-content\/uploads\/2018\/07\/umapecaum-1-360x443.jpeg 360w, https:\/\/diarioregionaldigital.com.br\/wp-content\/uploads\/2018\/07\/umapecaum-1.jpeg 520w\" sizes=\"auto, (max-width: 268px) 100vw, 268px\" \/><\/p>\n<p>&nbsp;<\/p>\n<p><img loading=\"lazy\" decoding=\"async\" class=\"aligncenter wp-image-112548 \" src=\"http:\/\/diarioregionaljf.com.br\/wp-content\/uploads\/2018\/07\/UMA-PE\u00c7A-E-CENTENAS-DE-LOOKS-2.jpeg\" alt=\"\" width=\"482\" height=\"580\" srcset=\"https:\/\/diarioregionaldigital.com.br\/wp-content\/uploads\/2018\/07\/UMA-PE\u00c7A-E-CENTENAS-DE-LOOKS-2.jpeg 1063w, https:\/\/diarioregionaldigital.com.br\/wp-content\/uploads\/2018\/07\/UMA-PE\u00c7A-E-CENTENAS-DE-LOOKS-2-249x300.jpeg 249w, https:\/\/diarioregionaldigital.com.br\/wp-content\/uploads\/2018\/07\/UMA-PE\u00c7A-E-CENTENAS-DE-LOOKS-2-768x925.jpeg 768w, https:\/\/diarioregionaldigital.com.br\/wp-content\/uploads\/2018\/07\/UMA-PE\u00c7A-E-CENTENAS-DE-LOOKS-2-850x1024.jpeg 850w, https:\/\/diarioregionaldigital.com.br\/wp-content\/uploads\/2018\/07\/UMA-PE\u00c7A-E-CENTENAS-DE-LOOKS-2-360x433.jpeg 360w\" sizes=\"auto, (max-width: 482px) 100vw, 482px\" \/><\/p>\n<hr \/>\n<p style=\"text-align: center;\"><span style=\"font-size: 18pt;\"><strong>BELEZA<\/strong><\/span><\/p>\n<p style=\"text-align: center;\"><strong>PRATICIDADE E NATURALIDADE<\/strong><\/p>\n<p><img loading=\"lazy\" decoding=\"async\" class=\"alignleft wp-image-112287 size-medium\" src=\"http:\/\/diarioregionaljf.com.br\/wp-content\/uploads\/2018\/07\/praticidade-300x297.jpeg\" alt=\"\" width=\"300\" height=\"297\" srcset=\"https:\/\/diarioregionaldigital.com.br\/wp-content\/uploads\/2018\/07\/praticidade-300x297.jpeg 300w, https:\/\/diarioregionaldigital.com.br\/wp-content\/uploads\/2018\/07\/praticidade-150x150.jpeg 150w, https:\/\/diarioregionaldigital.com.br\/wp-content\/uploads\/2018\/07\/praticidade-120x120.jpeg 120w, https:\/\/diarioregionaldigital.com.br\/wp-content\/uploads\/2018\/07\/praticidade-360x357.jpeg 360w, https:\/\/diarioregionaldigital.com.br\/wp-content\/uploads\/2018\/07\/praticidade-80x80.jpeg 80w, https:\/\/diarioregionaldigital.com.br\/wp-content\/uploads\/2018\/07\/praticidade.jpeg 640w\" sizes=\"auto, (max-width: 300px) 100vw, 300px\" \/>A beleza natural faz com que a necessaire de maquiagem diminua o volume da sua bagagem. Primeiro porque se usa cada vez menos produtos e segundo porque os produtos s\u00e3o cada dia mais vers\u00e1teis. Um batom pode n\u00e3o s\u00f3 ir nos l\u00e1bios, como para as bochechas e para as p\u00e1lpebras. O r\u00edmel pode ser usado no lugar do delineador. O iluminador pode transformar seu batom fosco em um met\u00e1lico incr\u00edvel e tamb\u00e9m ser usado como sombra. Quanto a base, um B.B. cream pode atender a make da noite e do dia, sendo aplicado de maneira concentrada, cobre bem as olheiras. No mais, basta ter criatividade.<\/p>\n<hr \/>\n<p style=\"text-align: center;\"><span style=\"font-size: 18pt;\"><strong>QUEM L\u00ca SABE MAIS <\/strong><\/span><\/p>\n<p>Que tal curtir as f\u00e9rias na companhia de livros leves e que v\u00e3o te auxiliar no aprimoramento do seu estilo pessoal? Invista em voc\u00ea!<\/p>\n<p>&nbsp;<\/p>\n<p>&nbsp;<\/p>\n<ul>\n<li><strong>A PARISIENSE- INES DE LA FRESSANGE<\/strong><\/li>\n<\/ul>\n<p>A ex-modelo da Chanel Ines de La Fressange, atualmente consultora de moda e executiva da grife Roger Viver, escreveu este livro com dicas de como ter o tradicional jeito \u201cparisiense\u201d de viver, misturando eleg\u00e2ncia e o tradicional clima bo\u00eamio e boho-chic da cidade. Todavia, as orienta\u00e7\u00f5es servem para voc\u00ea ficar bonita\u00a0e confort\u00e1vel em qualquer cidade. Al\u00e9m disso, a obra \u00e9 cheia de fotos e \u00e9 gostosa de ler, com dicas \u201cp\u00e9 no ch\u00e3o\u201d e atemporais de estilo.<\/p>\n<ul>\n<li><strong>MODA SOB MEDIDA, GUIA DE MODA PARA A VIDA REAL<\/strong><\/li>\n<\/ul>\n<p>Em Moda sob medida: guia pr\u00e1tico de moda para a vida real, a jornalista e consultora de moda Danielle Ferraz e a jornalista Penha Moraes discutem detalhes importantes e muito pr\u00e1ticos do que \u00e9 estar na moda a partir do reconhecimento e da aceita\u00e7\u00e3o do pr\u00f3prio corpo e estilo.<\/p>\n<ul>\n<li><strong>MODA \u00c0 BRASILEIRA: O GUIA IMPRESCIND\u00cdVEL PARA OS NOVOS TEMPOS DA MODA<\/strong><\/li>\n<\/ul>\n<p>Moda n\u00e3o combina com medo e Alice Ferraz, a empres\u00e1ria de moda mais influente do Brasil, traz um livro completo para responder \u00e0 pergunta que lhe fazem todos os dias: como eu fa\u00e7o para me vestir bem? O livro que representa os novos tempos da moda, um momento maravilhoso de quebrar paradigmas e se reinventar.<\/p>\n<p>&nbsp;<\/p>\n<ul>\n<li><strong>OS SEGREDOS DO GUARDA-ROUPA EUROPEU<\/strong><\/li>\n<\/ul>\n<p>Anuschka Rees ensina como montar um guarda-roupa de qualidade que seja a sua cara, com m\u00e9todos desenvolvidos para aprimoramento do estilo pessoal.<\/p>\n<hr \/>\n<p style=\"text-align: center;\"><span style=\"font-size: 18pt;\"><strong>CLICK IN MODA<\/strong><\/span><\/p>\n<p>O Click In Moda dessa semana \u00e9 para o portf\u00f3lio da bel\u00edssima Let\u00edcia Renault. Fotografia de Gabriel Venzi, beleza de Renata Falci e produ\u00e7\u00e3o Duda Ver\u00edssimo.<\/p>\n<p><img loading=\"lazy\" decoding=\"async\" class=\"alignnone size-full wp-image-112288\" src=\"http:\/\/diarioregionaljf.com.br\/wp-content\/uploads\/2018\/07\/clickinmoda.jpeg\" alt=\"\" width=\"820\" height=\"547\" srcset=\"https:\/\/diarioregionaldigital.com.br\/wp-content\/uploads\/2018\/07\/clickinmoda.jpeg 820w, https:\/\/diarioregionaldigital.com.br\/wp-content\/uploads\/2018\/07\/clickinmoda-300x200.jpeg 300w, https:\/\/diarioregionaldigital.com.br\/wp-content\/uploads\/2018\/07\/clickinmoda-768x512.jpeg 768w, https:\/\/diarioregionaldigital.com.br\/wp-content\/uploads\/2018\/07\/clickinmoda-360x240.jpeg 360w\" sizes=\"auto, (max-width: 820px) 100vw, 820px\" \/><\/p>\n<p>&nbsp;<\/p>\n<p style=\"text-align: center;\"><strong>COLABORADORAS:\u00a0<\/strong><strong>MARIANA MATOS E\u00a0<\/strong><strong>MARIA EDUARDA <\/strong><strong>VER\u00cdSSIMO<\/strong><\/p>\n","protected":false},"excerpt":{"rendered":"<p>FASHION NEWS \u00a0 LAB E C&amp;A \u00a0A LAB, marca do rapper Emicida e seu irm\u00e3o Fi\u00f3ti, lan\u00e7a esse m\u00eas a cole\u00e7\u00e3o \u201cA rua \u00e9 Noiz\u201d em parceria com a C&amp;A. A partir do dia 24 de julho as pe\u00e7as com refer\u00eancia streetwear, ess\u00eancia da marca, poder\u00e3o ser encontradas nas lojas selecionadas da C&amp;A e no [&hellip;]<\/p>\n","protected":false},"author":96,"featured_media":112288,"comment_status":"closed","ping_status":"closed","sticky":false,"template":"","format":"standard","meta":{"footnotes":""},"categories":[285],"tags":[],"class_list":["post-112278","post","type-post","status-publish","format-standard","has-post-thumbnail","hentry","category-moda-ana-paula-calixto"],"_links":{"self":[{"href":"https:\/\/diarioregionaldigital.com.br\/index.php?rest_route=\/wp\/v2\/posts\/112278","targetHints":{"allow":["GET"]}}],"collection":[{"href":"https:\/\/diarioregionaldigital.com.br\/index.php?rest_route=\/wp\/v2\/posts"}],"about":[{"href":"https:\/\/diarioregionaldigital.com.br\/index.php?rest_route=\/wp\/v2\/types\/post"}],"author":[{"embeddable":true,"href":"https:\/\/diarioregionaldigital.com.br\/index.php?rest_route=\/wp\/v2\/users\/96"}],"replies":[{"embeddable":true,"href":"https:\/\/diarioregionaldigital.com.br\/index.php?rest_route=%2Fwp%2Fv2%2Fcomments&post=112278"}],"version-history":[{"count":0,"href":"https:\/\/diarioregionaldigital.com.br\/index.php?rest_route=\/wp\/v2\/posts\/112278\/revisions"}],"wp:featuredmedia":[{"embeddable":true,"href":"https:\/\/diarioregionaldigital.com.br\/index.php?rest_route=\/wp\/v2\/media\/112288"}],"wp:attachment":[{"href":"https:\/\/diarioregionaldigital.com.br\/index.php?rest_route=%2Fwp%2Fv2%2Fmedia&parent=112278"}],"wp:term":[{"taxonomy":"category","embeddable":true,"href":"https:\/\/diarioregionaldigital.com.br\/index.php?rest_route=%2Fwp%2Fv2%2Fcategories&post=112278"},{"taxonomy":"post_tag","embeddable":true,"href":"https:\/\/diarioregionaldigital.com.br\/index.php?rest_route=%2Fwp%2Fv2%2Ftags&post=112278"}],"curies":[{"name":"wp","href":"https:\/\/api.w.org\/{rel}","templated":true}]}}