{"id":112264,"date":"2018-07-22T06:00:27","date_gmt":"2018-07-22T09:00:27","guid":{"rendered":"http:\/\/diarioregionaljf.com.br\/?p=112264"},"modified":"2018-07-20T15:10:32","modified_gmt":"2018-07-20T18:10:32","slug":"a-casa-na-palma-da-mao","status":"publish","type":"post","link":"https:\/\/diarioregionaldigital.com.br\/?p=112264","title":{"rendered":"A CASA NA PALMA DA M\u00c3O"},"content":{"rendered":"<p>J\u00e1 notaram que a cada novo lan\u00e7amento imobili\u00e1rio os apartamentos v\u00e3o ficando cada vez menores? E, por estranho que pare\u00e7a, apesar de menores, mais caros! Nossa necessidade de morar pr\u00f3ximo aos confortos que a civiliza\u00e7\u00e3o e equipamentos urbanos oferecem s\u00e3o os respons\u00e1veis diretos por essa paradoxal situa\u00e7\u00e3o imobili\u00e1ria: menor e mais caro.<\/p>\n<p>O adensamento nos espa\u00e7os urbanos j\u00e1 saturados fez aparecer, por exemplo, apartamentos de 9,00 m\u00b2 (com cozinha, quarto, escrit\u00f3rio e banheiro)&#8230; ou espa\u00e7os ainda menores como os \u201chot\u00e9is c\u00e1psula\u201d japoneses, que s\u00e3o \u201cquartos\u201d de 1,00m de altura, por 1,00m de largura e 2,00m de profundidade. At\u00e9 o Conde Dr\u00e1cula se sentiria um pouco apertado nesse \u201ccaix\u00e3o\u201d.<\/p>\n<p>A tecnologia surge, assim, como uma \u201ct\u00e1bua de salva\u00e7\u00e3o\u201d para diminuir a sensa\u00e7\u00e3o de aperto, oferecendo uma s\u00e9rie de recursos, levando conforto e aconchego para o lar. Nossas casas ainda n\u00e3o diminu\u00edram taaaaanto assim, mas por meio de aplicativos j\u00e1 cabem nas palmas das m\u00e3os.<\/p>\n<p>E para falar mais desse \u201cgadgets\u201d entrevistamos Marcos Eler, da Atos Control, sobre os diversos recursos que uma casa inteligente pode oferecer:<\/p>\n<p><img loading=\"lazy\" decoding=\"async\" class=\"size-full wp-image-112266 aligncenter\" src=\"http:\/\/diarioregionaljf.com.br\/wp-content\/uploads\/2018\/07\/fotoum.jpg\" alt=\"\" width=\"960\" height=\"960\" srcset=\"https:\/\/diarioregionaldigital.com.br\/wp-content\/uploads\/2018\/07\/fotoum.jpg 960w, https:\/\/diarioregionaldigital.com.br\/wp-content\/uploads\/2018\/07\/fotoum-150x150.jpg 150w, https:\/\/diarioregionaldigital.com.br\/wp-content\/uploads\/2018\/07\/fotoum-300x300.jpg 300w, https:\/\/diarioregionaldigital.com.br\/wp-content\/uploads\/2018\/07\/fotoum-768x768.jpg 768w, https:\/\/diarioregionaldigital.com.br\/wp-content\/uploads\/2018\/07\/fotoum-180x180.jpg 180w, https:\/\/diarioregionaldigital.com.br\/wp-content\/uploads\/2018\/07\/fotoum-600x600.jpg 600w, https:\/\/diarioregionaldigital.com.br\/wp-content\/uploads\/2018\/07\/fotoum-120x120.jpg 120w, https:\/\/diarioregionaldigital.com.br\/wp-content\/uploads\/2018\/07\/fotoum-360x360.jpg 360w, https:\/\/diarioregionaldigital.com.br\/wp-content\/uploads\/2018\/07\/fotoum-80x80.jpg 80w\" sizes=\"auto, (max-width: 960px) 100vw, 960px\" \/><\/p>\n<p>A Automa\u00e7\u00e3o Residencial, tamb\u00e9m conhecida como Dom\u00f3tica, consiste em levar \u00e0s pessoas conforto, praticidade e economia.<\/p>\n<p>Ela pode ser definida como um conjunto de tecnologias que ajudam na gest\u00e3o e execu\u00e7\u00e3o de tarefas dom\u00e9sticas cotidianas atrav\u00e9s de aplicativos de tablets ou celulares.<\/p>\n<p><img loading=\"lazy\" decoding=\"async\" class=\"size-full wp-image-112267 aligncenter\" src=\"http:\/\/diarioregionaljf.com.br\/wp-content\/uploads\/2018\/07\/fotodois.jpg\" alt=\"\" width=\"960\" height=\"960\" srcset=\"https:\/\/diarioregionaldigital.com.br\/wp-content\/uploads\/2018\/07\/fotodois.jpg 960w, https:\/\/diarioregionaldigital.com.br\/wp-content\/uploads\/2018\/07\/fotodois-150x150.jpg 150w, https:\/\/diarioregionaldigital.com.br\/wp-content\/uploads\/2018\/07\/fotodois-300x300.jpg 300w, https:\/\/diarioregionaldigital.com.br\/wp-content\/uploads\/2018\/07\/fotodois-768x768.jpg 768w, https:\/\/diarioregionaldigital.com.br\/wp-content\/uploads\/2018\/07\/fotodois-180x180.jpg 180w, https:\/\/diarioregionaldigital.com.br\/wp-content\/uploads\/2018\/07\/fotodois-600x600.jpg 600w, https:\/\/diarioregionaldigital.com.br\/wp-content\/uploads\/2018\/07\/fotodois-120x120.jpg 120w, https:\/\/diarioregionaldigital.com.br\/wp-content\/uploads\/2018\/07\/fotodois-360x360.jpg 360w, https:\/\/diarioregionaldigital.com.br\/wp-content\/uploads\/2018\/07\/fotodois-80x80.jpg 80w\" sizes=\"auto, (max-width: 960px) 100vw, 960px\" \/><\/p>\n<p>Al\u00e9m de poder acionar l\u00e2mpadas e ar condicionado \u00e0 dist\u00e2ncia, \u00e9 poss\u00edvel realizar in\u00fameras tarefas com a automa\u00e7\u00e3o: podemos acionar e monitorar qualquer equipamento eletr\u00f4nico \u00e0 dist\u00e2ncia. \u00c9 poss\u00edvel visualizar as c\u00e2meras, mov\u00ea-las, etc.<\/p>\n<p>Atualmente, estamos otimizando a automa\u00e7\u00e3o com a cria\u00e7\u00e3o de cen\u00e1rios, isto \u00e9, com um simples toque no smartphone voc\u00ea pode transformar a sua sala de estar em um verdadeiro cinema, e enquanto voc\u00ea escolhe o filme que ir\u00e1 assistir, simultaneamente as luzes ir\u00e3o alterar levemente, o projetor descer\u00e1 do teto, a pipoqueira ser\u00e1 acionada, o ar condicionado ligado e a persiana abaixada, tudo isso sem voc\u00ea levantar do sof\u00e1.<\/p>\n<p><strong><img loading=\"lazy\" decoding=\"async\" class=\"size-full wp-image-112268 aligncenter\" src=\"http:\/\/diarioregionaljf.com.br\/wp-content\/uploads\/2018\/07\/fototres.jpg\" alt=\"\" width=\"960\" height=\"960\" srcset=\"https:\/\/diarioregionaldigital.com.br\/wp-content\/uploads\/2018\/07\/fototres.jpg 960w, https:\/\/diarioregionaldigital.com.br\/wp-content\/uploads\/2018\/07\/fototres-150x150.jpg 150w, https:\/\/diarioregionaldigital.com.br\/wp-content\/uploads\/2018\/07\/fototres-300x300.jpg 300w, https:\/\/diarioregionaldigital.com.br\/wp-content\/uploads\/2018\/07\/fototres-768x768.jpg 768w, https:\/\/diarioregionaldigital.com.br\/wp-content\/uploads\/2018\/07\/fototres-180x180.jpg 180w, https:\/\/diarioregionaldigital.com.br\/wp-content\/uploads\/2018\/07\/fototres-600x600.jpg 600w, https:\/\/diarioregionaldigital.com.br\/wp-content\/uploads\/2018\/07\/fototres-120x120.jpg 120w, https:\/\/diarioregionaldigital.com.br\/wp-content\/uploads\/2018\/07\/fototres-360x360.jpg 360w, https:\/\/diarioregionaldigital.com.br\/wp-content\/uploads\/2018\/07\/fototres-80x80.jpg 80w\" sizes=\"auto, (max-width: 960px) 100vw, 960px\" \/><\/strong><br \/>\n\u00c9 poss\u00edvel programar para acender e apagar as luzes em hor\u00e1rios pr\u00e9-determinados.<\/p>\n<p>Voc\u00ea pode utilizar este recurso tanto para otimizar o seu dia a dia, quanto para simular presen\u00e7a de pessoas na resid\u00eancia quando voc\u00ea ficar\u00e1 fora por algum per\u00edodo.<\/p>\n<p><img loading=\"lazy\" decoding=\"async\" class=\"size-full wp-image-112269 aligncenter\" src=\"http:\/\/diarioregionaljf.com.br\/wp-content\/uploads\/2018\/07\/fotoquatro.jpg\" alt=\"\" width=\"960\" height=\"960\" srcset=\"https:\/\/diarioregionaldigital.com.br\/wp-content\/uploads\/2018\/07\/fotoquatro.jpg 960w, https:\/\/diarioregionaldigital.com.br\/wp-content\/uploads\/2018\/07\/fotoquatro-150x150.jpg 150w, https:\/\/diarioregionaldigital.com.br\/wp-content\/uploads\/2018\/07\/fotoquatro-300x300.jpg 300w, https:\/\/diarioregionaldigital.com.br\/wp-content\/uploads\/2018\/07\/fotoquatro-768x768.jpg 768w, https:\/\/diarioregionaldigital.com.br\/wp-content\/uploads\/2018\/07\/fotoquatro-180x180.jpg 180w, https:\/\/diarioregionaldigital.com.br\/wp-content\/uploads\/2018\/07\/fotoquatro-600x600.jpg 600w, https:\/\/diarioregionaldigital.com.br\/wp-content\/uploads\/2018\/07\/fotoquatro-120x120.jpg 120w, https:\/\/diarioregionaldigital.com.br\/wp-content\/uploads\/2018\/07\/fotoquatro-360x360.jpg 360w, https:\/\/diarioregionaldigital.com.br\/wp-content\/uploads\/2018\/07\/fotoquatro-80x80.jpg 80w\" sizes=\"auto, (max-width: 960px) 100vw, 960px\" \/><\/p>\n<p>A automa\u00e7\u00e3o seria um bom aliado para a seguran\u00e7a. Um de seus pilares \u00e9 gerar seguran\u00e7a por meio de sistema de monitoramento de c\u00e2meras, alarmes de presen\u00e7a anti-invas\u00e3o, alarmes de vazamento de gases, entre outros.<\/p>\n<p><img loading=\"lazy\" decoding=\"async\" class=\"size-full wp-image-112271 aligncenter\" src=\"http:\/\/diarioregionaljf.com.br\/wp-content\/uploads\/2018\/07\/fotocinco.jpg\" alt=\"\" width=\"959\" height=\"960\" srcset=\"https:\/\/diarioregionaldigital.com.br\/wp-content\/uploads\/2018\/07\/fotocinco.jpg 959w, https:\/\/diarioregionaldigital.com.br\/wp-content\/uploads\/2018\/07\/fotocinco-150x150.jpg 150w, https:\/\/diarioregionaldigital.com.br\/wp-content\/uploads\/2018\/07\/fotocinco-300x300.jpg 300w, https:\/\/diarioregionaldigital.com.br\/wp-content\/uploads\/2018\/07\/fotocinco-768x769.jpg 768w, https:\/\/diarioregionaldigital.com.br\/wp-content\/uploads\/2018\/07\/fotocinco-180x180.jpg 180w, https:\/\/diarioregionaldigital.com.br\/wp-content\/uploads\/2018\/07\/fotocinco-600x600.jpg 600w, https:\/\/diarioregionaldigital.com.br\/wp-content\/uploads\/2018\/07\/fotocinco-120x120.jpg 120w, https:\/\/diarioregionaldigital.com.br\/wp-content\/uploads\/2018\/07\/fotocinco-360x360.jpg 360w, https:\/\/diarioregionaldigital.com.br\/wp-content\/uploads\/2018\/07\/fotocinco-80x80.jpg 80w\" sizes=\"auto, (max-width: 959px) 100vw, 959px\" \/><\/p>\n<p>Para quem pretende automatizar a resid\u00eancia, o primeiro passo \u00e9 buscar o aux\u00edlio de alguma empresa do setor com experi\u00eancia para auxili\u00e1-lo e lhe ajudar a agu\u00e7ar a imagina\u00e7\u00e3o.<\/p>\n<p>Com uma pequena busca na internet \u00e9 poss\u00edvel ter acesso a muitas informa\u00e7\u00f5es, que pode ajudar a ter novas ideias.<\/p>\n<p><img loading=\"lazy\" decoding=\"async\" class=\"size-full wp-image-112276 aligncenter\" src=\"http:\/\/diarioregionaljf.com.br\/wp-content\/uploads\/2018\/07\/fotoseis-2.jpg\" alt=\"\" width=\"615\" height=\"615\" srcset=\"https:\/\/diarioregionaldigital.com.br\/wp-content\/uploads\/2018\/07\/fotoseis-2.jpg 615w, https:\/\/diarioregionaldigital.com.br\/wp-content\/uploads\/2018\/07\/fotoseis-2-150x150.jpg 150w, https:\/\/diarioregionaldigital.com.br\/wp-content\/uploads\/2018\/07\/fotoseis-2-300x300.jpg 300w, https:\/\/diarioregionaldigital.com.br\/wp-content\/uploads\/2018\/07\/fotoseis-2-180x180.jpg 180w, https:\/\/diarioregionaldigital.com.br\/wp-content\/uploads\/2018\/07\/fotoseis-2-600x600.jpg 600w, https:\/\/diarioregionaldigital.com.br\/wp-content\/uploads\/2018\/07\/fotoseis-2-120x120.jpg 120w, https:\/\/diarioregionaldigital.com.br\/wp-content\/uploads\/2018\/07\/fotoseis-2-360x360.jpg 360w, https:\/\/diarioregionaldigital.com.br\/wp-content\/uploads\/2018\/07\/fotoseis-2-80x80.jpg 80w\" sizes=\"auto, (max-width: 615px) 100vw, 615px\" \/><\/p>\n<p>Vemos que muitas pessoas acham que \u00e9 um custo muito alto, mas hoje j\u00e1 n\u00e3o \u00e9 caro automatizar uma resid\u00eancia.<\/p>\n<p>Outro ponto que deparamos \u00e9 que muitos imaginam que s\u00f3 \u00e9 poss\u00edvel automatizar algum espa\u00e7o se for projetado antes da constru\u00e7\u00e3o.<\/p>\n<p>Por\u00e9m n\u00e3o \u00e9 bem assim, j\u00e1 disponibilizamos equipamentos que atuam com rede sem fio internamente, via wi-fi.<\/p>\n<p>&nbsp;<\/p>\n<p>&nbsp;<\/p>\n","protected":false},"excerpt":{"rendered":"<p>J\u00e1 notaram que a cada novo lan\u00e7amento imobili\u00e1rio os apartamentos v\u00e3o ficando cada vez menores? E, por estranho que pare\u00e7a, apesar de menores, mais caros! Nossa necessidade de morar pr\u00f3ximo aos confortos que a civiliza\u00e7\u00e3o e equipamentos urbanos oferecem s\u00e3o os respons\u00e1veis diretos por essa paradoxal situa\u00e7\u00e3o imobili\u00e1ria: menor e mais caro. O adensamento nos [&hellip;]<\/p>\n","protected":false},"author":96,"featured_media":112276,"comment_status":"closed","ping_status":"closed","sticky":false,"template":"","format":"standard","meta":{"footnotes":""},"categories":[287],"tags":[],"class_list":["post-112264","post","type-post","status-publish","format-standard","has-post-thumbnail","hentry","category-arquitetura-fabiano-teixeira"],"_links":{"self":[{"href":"https:\/\/diarioregionaldigital.com.br\/index.php?rest_route=\/wp\/v2\/posts\/112264","targetHints":{"allow":["GET"]}}],"collection":[{"href":"https:\/\/diarioregionaldigital.com.br\/index.php?rest_route=\/wp\/v2\/posts"}],"about":[{"href":"https:\/\/diarioregionaldigital.com.br\/index.php?rest_route=\/wp\/v2\/types\/post"}],"author":[{"embeddable":true,"href":"https:\/\/diarioregionaldigital.com.br\/index.php?rest_route=\/wp\/v2\/users\/96"}],"replies":[{"embeddable":true,"href":"https:\/\/diarioregionaldigital.com.br\/index.php?rest_route=%2Fwp%2Fv2%2Fcomments&post=112264"}],"version-history":[{"count":0,"href":"https:\/\/diarioregionaldigital.com.br\/index.php?rest_route=\/wp\/v2\/posts\/112264\/revisions"}],"wp:featuredmedia":[{"embeddable":true,"href":"https:\/\/diarioregionaldigital.com.br\/index.php?rest_route=\/wp\/v2\/media\/112276"}],"wp:attachment":[{"href":"https:\/\/diarioregionaldigital.com.br\/index.php?rest_route=%2Fwp%2Fv2%2Fmedia&parent=112264"}],"wp:term":[{"taxonomy":"category","embeddable":true,"href":"https:\/\/diarioregionaldigital.com.br\/index.php?rest_route=%2Fwp%2Fv2%2Fcategories&post=112264"},{"taxonomy":"post_tag","embeddable":true,"href":"https:\/\/diarioregionaldigital.com.br\/index.php?rest_route=%2Fwp%2Fv2%2Ftags&post=112264"}],"curies":[{"name":"wp","href":"https:\/\/api.w.org\/{rel}","templated":true}]}}