{"id":112230,"date":"2018-07-20T11:24:05","date_gmt":"2018-07-20T14:24:05","guid":{"rendered":"http:\/\/diarioregionaljf.com.br\/?p=112230"},"modified":"2018-07-20T11:25:32","modified_gmt":"2018-07-20T14:25:32","slug":"familia-identifica-rapaz-encontrado-em-rodovia","status":"publish","type":"post","link":"https:\/\/diarioregionaldigital.com.br\/?p=112230","title":{"rendered":"Fam\u00edlia identifica rapaz encontrado em rodovia"},"content":{"rendered":"<p>Foi identificado por familiares o <a href=\"http:\/\/diarioregionaljf.com.br\/2018\/07\/19\/hospital-procura-familia-de-paciente-encontrado-na-br-040\/\" target=\"_blank\" rel=\"noopener\">rapaz encontrado por funcion\u00e1rios da Concer pr\u00f3ximo ao Mirante da BR-040 na madrugada dessa quinta-feira, 19<\/a>. De acordo com informa\u00e7\u00f5es da Secretaria de Sa\u00fade (SS) da Prefeitura de Juiz de Fora (PJF), a fam\u00edlia do jovem, de 20 anos, procurou o Hospital Dr. Mozart Geraldo Teixeira, onde ele est\u00e1 internado.<\/p>\n<p>Ainda de acordo com informa\u00e7\u00f5es da pasta, o rapaz continua na Sala de Urg\u00eancia, sedado e entubado. O estado de sa\u00fade do paciente, que foi encontrado ca\u00eddo na estrada e inconsciente, ainda \u00e9 grave.<\/p>\n","protected":false},"excerpt":{"rendered":"<p>Foi identificado por familiares o rapaz encontrado por funcion\u00e1rios da Concer pr\u00f3ximo ao Mirante da BR-040 na madrugada dessa quinta-feira, 19. De acordo com informa\u00e7\u00f5es da Secretaria de Sa\u00fade (SS) da Prefeitura de Juiz de Fora (PJF), a fam\u00edlia do jovem, de 20 anos, procurou o Hospital Dr. Mozart Geraldo Teixeira, onde ele est\u00e1 internado. [&hellip;]<\/p>\n","protected":false},"author":96,"featured_media":105098,"comment_status":"closed","ping_status":"closed","sticky":false,"template":"","format":"standard","meta":{"footnotes":""},"categories":[253,439],"tags":[],"class_list":["post-112230","post","type-post","status-publish","format-standard","has-post-thumbnail","hentry","category-cidade","category-ultima-hora"],"_links":{"self":[{"href":"https:\/\/diarioregionaldigital.com.br\/index.php?rest_route=\/wp\/v2\/posts\/112230","targetHints":{"allow":["GET"]}}],"collection":[{"href":"https:\/\/diarioregionaldigital.com.br\/index.php?rest_route=\/wp\/v2\/posts"}],"about":[{"href":"https:\/\/diarioregionaldigital.com.br\/index.php?rest_route=\/wp\/v2\/types\/post"}],"author":[{"embeddable":true,"href":"https:\/\/diarioregionaldigital.com.br\/index.php?rest_route=\/wp\/v2\/users\/96"}],"replies":[{"embeddable":true,"href":"https:\/\/diarioregionaldigital.com.br\/index.php?rest_route=%2Fwp%2Fv2%2Fcomments&post=112230"}],"version-history":[{"count":0,"href":"https:\/\/diarioregionaldigital.com.br\/index.php?rest_route=\/wp\/v2\/posts\/112230\/revisions"}],"wp:featuredmedia":[{"embeddable":true,"href":"https:\/\/diarioregionaldigital.com.br\/index.php?rest_route=\/wp\/v2\/media\/105098"}],"wp:attachment":[{"href":"https:\/\/diarioregionaldigital.com.br\/index.php?rest_route=%2Fwp%2Fv2%2Fmedia&parent=112230"}],"wp:term":[{"taxonomy":"category","embeddable":true,"href":"https:\/\/diarioregionaldigital.com.br\/index.php?rest_route=%2Fwp%2Fv2%2Fcategories&post=112230"},{"taxonomy":"post_tag","embeddable":true,"href":"https:\/\/diarioregionaldigital.com.br\/index.php?rest_route=%2Fwp%2Fv2%2Ftags&post=112230"}],"curies":[{"name":"wp","href":"https:\/\/api.w.org\/{rel}","templated":true}]}}