{"id":112171,"date":"2018-07-19T19:55:50","date_gmt":"2018-07-19T22:55:50","guid":{"rendered":"http:\/\/diarioregionaljf.com.br\/?p=112171"},"modified":"2018-07-19T19:55:50","modified_gmt":"2018-07-19T22:55:50","slug":"faculdade-de-letras-abre-vagas-exclusivas-para-candidatos-surdos","status":"publish","type":"post","link":"https:\/\/diarioregionaldigital.com.br\/?p=112171","title":{"rendered":"Faculdade de Letras abre vagas exclusivas para candidatos surdos"},"content":{"rendered":"<p>A Universidade Federal de Juiz de Fora (UFJF) oferece tr\u00eas vagas para candidatos surdos que desejam cursar gradua\u00e7\u00e3o em Letras-Libras, com ingresso no segundo semestre de 2018. As inscri\u00e7\u00f5es para o processo seletivo come\u00e7aram nessa quinta-feira, dia 19, e terminam no pr\u00f3ximo dia 26.<\/p>\n<p>As inscri\u00e7\u00f5es s\u00e3o gratuitas e devem ser feitas presencialmente, das 8h \u00e0s 18h, na Central de Atendimento (CAT), que se localiza no pr\u00e9dio da Reitoria, no centro do campus, e possui pessoal capacitado em Libras. Para participar do processo seletivo os candidatos precisam ter realizado a prova do Exame Nacional do Ensino M\u00e9dio (Enem) no ano passado, j\u00e1 que este ser\u00e1 utilizado como crit\u00e9rio de classifica\u00e7\u00e3o.<\/p>\n<p>De acordo com o\u00a0edital,\u00a0os candidatos devem comparecer na CAT com o requerimento de inscri\u00e7\u00e3o\u00a0preenchido e c\u00f3pia autenticada do laudo especializado \u2013 a autentica\u00e7\u00e3o pode ser feita na pr\u00f3pria UFJF, com a apresenta\u00e7\u00e3o do documento original. Caso o candidato envie um representante para fazer a matr\u00edcula, deve fazer uma procura\u00e7\u00e3o simples.<\/p>\n<p>O resultado do processo seletivo ser\u00e1 divulgado a partir das 15h do dia 27 de julho, no site da\u00a0Coordena\u00e7\u00e3o Geral de Processos Seletivos\u00a0(Copese).<\/p>\n<p>Fonte: Assessoria<\/p>\n","protected":false},"excerpt":{"rendered":"<p>A Universidade Federal de Juiz de Fora (UFJF) oferece tr\u00eas vagas para candidatos surdos que desejam cursar gradua\u00e7\u00e3o em Letras-Libras, com ingresso no segundo semestre de 2018. As inscri\u00e7\u00f5es para o processo seletivo come\u00e7aram nessa quinta-feira, dia 19, e terminam no pr\u00f3ximo dia 26. As inscri\u00e7\u00f5es s\u00e3o gratuitas e devem ser feitas presencialmente, das 8h [&hellip;]<\/p>\n","protected":false},"author":96,"featured_media":112172,"comment_status":"closed","ping_status":"closed","sticky":false,"template":"","format":"standard","meta":{"footnotes":""},"categories":[253,439],"tags":[],"class_list":["post-112171","post","type-post","status-publish","format-standard","has-post-thumbnail","hentry","category-cidade","category-ultima-hora"],"_links":{"self":[{"href":"https:\/\/diarioregionaldigital.com.br\/index.php?rest_route=\/wp\/v2\/posts\/112171","targetHints":{"allow":["GET"]}}],"collection":[{"href":"https:\/\/diarioregionaldigital.com.br\/index.php?rest_route=\/wp\/v2\/posts"}],"about":[{"href":"https:\/\/diarioregionaldigital.com.br\/index.php?rest_route=\/wp\/v2\/types\/post"}],"author":[{"embeddable":true,"href":"https:\/\/diarioregionaldigital.com.br\/index.php?rest_route=\/wp\/v2\/users\/96"}],"replies":[{"embeddable":true,"href":"https:\/\/diarioregionaldigital.com.br\/index.php?rest_route=%2Fwp%2Fv2%2Fcomments&post=112171"}],"version-history":[{"count":0,"href":"https:\/\/diarioregionaldigital.com.br\/index.php?rest_route=\/wp\/v2\/posts\/112171\/revisions"}],"wp:featuredmedia":[{"embeddable":true,"href":"https:\/\/diarioregionaldigital.com.br\/index.php?rest_route=\/wp\/v2\/media\/112172"}],"wp:attachment":[{"href":"https:\/\/diarioregionaldigital.com.br\/index.php?rest_route=%2Fwp%2Fv2%2Fmedia&parent=112171"}],"wp:term":[{"taxonomy":"category","embeddable":true,"href":"https:\/\/diarioregionaldigital.com.br\/index.php?rest_route=%2Fwp%2Fv2%2Fcategories&post=112171"},{"taxonomy":"post_tag","embeddable":true,"href":"https:\/\/diarioregionaldigital.com.br\/index.php?rest_route=%2Fwp%2Fv2%2Ftags&post=112171"}],"curies":[{"name":"wp","href":"https:\/\/api.w.org\/{rel}","templated":true}]}}