{"id":112158,"date":"2018-07-20T06:00:56","date_gmt":"2018-07-20T09:00:56","guid":{"rendered":"http:\/\/diarioregionaljf.com.br\/?p=112158"},"modified":"2018-07-20T15:59:41","modified_gmt":"2018-07-20T18:59:41","slug":"prefeitura-segue-com-programacao-para-campanha-de-vacinacao-antirrabica-na-zona-rural","status":"publish","type":"post","link":"https:\/\/diarioregionaldigital.com.br\/?p=112158","title":{"rendered":"Prefeitura segue com programa\u00e7\u00e3o para campanha de vacina\u00e7\u00e3o Antirr\u00e1bica na Zona Rural"},"content":{"rendered":"<p>Como forma de preven\u00e7\u00e3o \u00e0 doen\u00e7a r\u00e1bia, conhecida popularmente como raiva, a Prefeitura de Juiz de Fora (PJF) iniciou nesta semana a campanha de vacina\u00e7\u00e3o na Zona Rural de Juiz de Fora. A equipe do setor de zoonoses da Secretaria de Sa\u00fade atuar\u00e1 em postos fixos e volantes por toda a \u00e1rea, tendo a iniciativa como meta vacinar cinco mil c\u00e3es e 600 gatos.<\/p>\n<p>Os principais pontos para a vacina\u00e7\u00e3o na cidade estar\u00e3o onde h\u00e1 maior concentra\u00e7\u00e3o da popula\u00e7\u00e3o, como nos postos de sa\u00fade, igrejas, centros comunit\u00e1rios e escolas, al\u00e9m de fazendas maiores e mais conhecidas. J\u00e1 para os animais que est\u00e3o em locais de mais dif\u00edcil acesso, uma equipe ficar\u00e1 por conta da busca ativa destes animais, para garantir que todos recebam a dose. \u00a0A vacina\u00e7\u00e3o acontecer\u00e1 at\u00e9 o dia 3 de agosto, de segunda a sexta-feira. Para as vacina\u00e7\u00f5es urbanas, elas ir\u00e3o acontecer em duas etapas: no dia 1\u00ba de setembro e 20 de outubro.<\/p>\n<p><strong>\u00a0<\/strong><img loading=\"lazy\" decoding=\"async\" class=\"size-full wp-image-112160 aligncenter\" style=\"color: #333333; font-size: 16px; line-height: 1.5;\" src=\"http:\/\/diarioregionaljf.com.br\/wp-content\/uploads\/2018\/07\/vacinaanimal-1.jpg\" alt=\"\" width=\"860\" height=\"520\" srcset=\"https:\/\/diarioregionaldigital.com.br\/wp-content\/uploads\/2018\/07\/vacinaanimal-1.jpg 860w, https:\/\/diarioregionaldigital.com.br\/wp-content\/uploads\/2018\/07\/vacinaanimal-1-300x181.jpg 300w, https:\/\/diarioregionaldigital.com.br\/wp-content\/uploads\/2018\/07\/vacinaanimal-1-768x464.jpg 768w, https:\/\/diarioregionaldigital.com.br\/wp-content\/uploads\/2018\/07\/vacinaanimal-1-360x218.jpg 360w\" sizes=\"auto, (max-width: 860px) 100vw, 860px\" \/><\/p>\n<p>A vacina\u00e7\u00e3o acontecer\u00e1 at\u00e9 o dia 3 de agosto. Foto: Arquivo\/PJF<\/p>\n<p><strong>Import\u00e2ncia da vacina <\/strong><\/p>\n<p>Segundo o m\u00e9dico veterin\u00e1rio e chefe do Setor de Zoonoses da Secretaria de Sa\u00fade (SS) da Prefeitura, Jos\u00e9 Geraldo de Castro J\u00fanior, a vacina\u00e7\u00e3o \u00e9 a principal maneira de n\u00f3s seres humanos ficarmos prevenidos do aparecimento da raiva. \u201cSegundo a orienta\u00e7\u00e3o do Minist\u00e9rio da Sa\u00fade, a prefeitura tem a atribui\u00e7\u00e3o de vacinar os c\u00e3es e gatos. Por\u00e9m, n\u00f3s pegamos a oportunidade e lembramos aos propriet\u00e1rios de outras esp\u00e9cies desses animais [bovinos, equinos, su\u00ednos, caprinos e ovinos] que procedam de maneira particular desta vacina\u00e7\u00e3o\u201d, explicou Jos\u00e9 Geraldo.<\/p>\n<p>Ele ainda ressaltou que o \u00faltimo caso de raiva canina ou felina foi registrado em 1998, por\u00e9m, registram-se todos os anos casos da doen\u00e7a em bovinos e equinos, na Zona Rural, que s\u00e3o infectados pela picada de morcego, por isso a import\u00e2ncia de todos os animais se vacinarem. Ao contr\u00e1rio dos animais, n\u00e3o h\u00e1 nenhum registro da raiva humana na cidade.<\/p>\n<p>Por \u00faltimo, o chefe do Setor de Zoonoses destacou que a doen\u00e7a \u00e9 transmitida para o homem pela saliva, quando o animal infectado morde ou lambe alguma parte mucosa do nosso corpo. Ele ainda acrescentou que caso isso aconte\u00e7a, a pessoa deve procurar o Hospital de Pronto Socorro (HPS) para serem tomadas as devidas provid\u00eancias.<\/p>\n<p>Confira o <a href=\"https:\/\/drive.google.com\/drive\/u\/0\/my-drive\">cronograma completo<\/a> da campanha de<a href=\"https:\/\/drive.google.com\/drive\/u\/0\/my-drive\"> vacina\u00e7\u00e3o<\/a> Antirr\u00e1bica em Juiz de Fora.<\/p>\n<p>&nbsp;<\/p>\n","protected":false},"excerpt":{"rendered":"<p>Como forma de preven\u00e7\u00e3o \u00e0 doen\u00e7a r\u00e1bia, conhecida popularmente como raiva, a Prefeitura de Juiz de Fora (PJF) iniciou nesta semana a campanha de vacina\u00e7\u00e3o na Zona Rural de Juiz de Fora. A equipe do setor de zoonoses da Secretaria de Sa\u00fade atuar\u00e1 em postos fixos e volantes por toda a \u00e1rea, tendo a iniciativa [&hellip;]<\/p>\n","protected":false},"author":96,"featured_media":112161,"comment_status":"closed","ping_status":"closed","sticky":false,"template":"","format":"standard","meta":{"footnotes":""},"categories":[253,440,439],"tags":[],"class_list":["post-112158","post","type-post","status-publish","format-standard","has-post-thumbnail","hentry","category-cidade","category-destaques-do-dia","category-ultima-hora"],"_links":{"self":[{"href":"https:\/\/diarioregionaldigital.com.br\/index.php?rest_route=\/wp\/v2\/posts\/112158","targetHints":{"allow":["GET"]}}],"collection":[{"href":"https:\/\/diarioregionaldigital.com.br\/index.php?rest_route=\/wp\/v2\/posts"}],"about":[{"href":"https:\/\/diarioregionaldigital.com.br\/index.php?rest_route=\/wp\/v2\/types\/post"}],"author":[{"embeddable":true,"href":"https:\/\/diarioregionaldigital.com.br\/index.php?rest_route=\/wp\/v2\/users\/96"}],"replies":[{"embeddable":true,"href":"https:\/\/diarioregionaldigital.com.br\/index.php?rest_route=%2Fwp%2Fv2%2Fcomments&post=112158"}],"version-history":[{"count":0,"href":"https:\/\/diarioregionaldigital.com.br\/index.php?rest_route=\/wp\/v2\/posts\/112158\/revisions"}],"wp:featuredmedia":[{"embeddable":true,"href":"https:\/\/diarioregionaldigital.com.br\/index.php?rest_route=\/wp\/v2\/media\/112161"}],"wp:attachment":[{"href":"https:\/\/diarioregionaldigital.com.br\/index.php?rest_route=%2Fwp%2Fv2%2Fmedia&parent=112158"}],"wp:term":[{"taxonomy":"category","embeddable":true,"href":"https:\/\/diarioregionaldigital.com.br\/index.php?rest_route=%2Fwp%2Fv2%2Fcategories&post=112158"},{"taxonomy":"post_tag","embeddable":true,"href":"https:\/\/diarioregionaldigital.com.br\/index.php?rest_route=%2Fwp%2Fv2%2Ftags&post=112158"}],"curies":[{"name":"wp","href":"https:\/\/api.w.org\/{rel}","templated":true}]}}