{"id":112153,"date":"2018-07-20T06:00:50","date_gmt":"2018-07-20T09:00:50","guid":{"rendered":"http:\/\/diarioregionaljf.com.br\/?p=112153"},"modified":"2018-08-13T20:23:30","modified_gmt":"2018-08-13T23:23:30","slug":"prefeitura-municipal-de-tocatins-20-07-18","status":"publish","type":"post","link":"https:\/\/diarioregionaldigital.com.br\/?p=112153","title":{"rendered":"Prefeitura Municipal de Tocatins 20\/07\/18"},"content":{"rendered":"<p style=\"text-align: center;\"><strong>AVISO DE LICITA\u00c7\u00c3O<\/strong><\/p>\n<p style=\"text-align: center;\"><strong>Licita\u00e7\u00e3o n\u00b0 072\/2018<\/strong><\/p>\n<p style=\"text-align: center;\"><strong>Modalidade de Preg\u00e3o Presencial n\u00b0 054\/2018<\/strong><\/p>\n<p style=\"text-align: center;\">O Munic\u00edpio de Tocantins atrav\u00e9s das Secretarias Municipais, na forma da lei, faz saber a todos os interessados que far\u00e1 licita\u00e7\u00e3o na modalidade de preg\u00e3o presencial para\u00a0o para fornecimento de materiais esportivos em geral para a Secretaria Municipal de Educa\u00e7\u00e3o pelo sistema Registro de pre\u00e7os,\u00a0no dia 02\/08\/2018 \u00e0s 08:00 horas na sala da de licita\u00e7\u00f5es, localizada na Av. Padre Mac\u00e1rio, n\u00b0 129, bairro Centro, Munic\u00edpio de TOCANTINS. O edital completo encontra-se a disposi\u00e7\u00e3o dos interessados no endere\u00e7o citado anteriormente, no hor\u00e1rio de expediente de 08:00 \u00e0s 11:00 horas e das 13:00 as 16:00 horas. TOCANTINS, 19 de julho 2018.<\/p>\n<p style=\"text-align: center;\"><strong> JANSEN PASCHOALINO ROCHA- PREGOEIRO<\/strong><\/p>\n","protected":false},"excerpt":{"rendered":"<p>AVISO DE LICITA\u00c7\u00c3O Licita\u00e7\u00e3o n\u00b0 072\/2018 Modalidade de Preg\u00e3o Presencial n\u00b0 054\/2018 O Munic\u00edpio de Tocantins atrav\u00e9s das Secretarias Municipais, na forma da lei, faz saber a todos os interessados que far\u00e1 licita\u00e7\u00e3o na modalidade de preg\u00e3o presencial para\u00a0o para fornecimento de materiais esportivos em geral para a Secretaria Municipal de Educa\u00e7\u00e3o pelo sistema Registro [&hellip;]<\/p>\n","protected":false},"author":96,"featured_media":0,"comment_status":"closed","ping_status":"closed","sticky":false,"template":"","format":"standard","meta":{"footnotes":""},"categories":[307],"tags":[],"class_list":["post-112153","post","type-post","status-publish","format-standard","hentry","category-editais"],"_links":{"self":[{"href":"https:\/\/diarioregionaldigital.com.br\/index.php?rest_route=\/wp\/v2\/posts\/112153","targetHints":{"allow":["GET"]}}],"collection":[{"href":"https:\/\/diarioregionaldigital.com.br\/index.php?rest_route=\/wp\/v2\/posts"}],"about":[{"href":"https:\/\/diarioregionaldigital.com.br\/index.php?rest_route=\/wp\/v2\/types\/post"}],"author":[{"embeddable":true,"href":"https:\/\/diarioregionaldigital.com.br\/index.php?rest_route=\/wp\/v2\/users\/96"}],"replies":[{"embeddable":true,"href":"https:\/\/diarioregionaldigital.com.br\/index.php?rest_route=%2Fwp%2Fv2%2Fcomments&post=112153"}],"version-history":[{"count":0,"href":"https:\/\/diarioregionaldigital.com.br\/index.php?rest_route=\/wp\/v2\/posts\/112153\/revisions"}],"wp:attachment":[{"href":"https:\/\/diarioregionaldigital.com.br\/index.php?rest_route=%2Fwp%2Fv2%2Fmedia&parent=112153"}],"wp:term":[{"taxonomy":"category","embeddable":true,"href":"https:\/\/diarioregionaldigital.com.br\/index.php?rest_route=%2Fwp%2Fv2%2Fcategories&post=112153"},{"taxonomy":"post_tag","embeddable":true,"href":"https:\/\/diarioregionaldigital.com.br\/index.php?rest_route=%2Fwp%2Fv2%2Ftags&post=112153"}],"curies":[{"name":"wp","href":"https:\/\/api.w.org\/{rel}","templated":true}]}}