{"id":112151,"date":"2018-07-20T06:00:16","date_gmt":"2018-07-20T09:00:16","guid":{"rendered":"http:\/\/diarioregionaljf.com.br\/?p=112151"},"modified":"2018-08-13T20:23:47","modified_gmt":"2018-08-13T23:23:47","slug":"prefeitura-municipal-de-rio-novo-pp-50-aviso-20-07-18","status":"publish","type":"post","link":"https:\/\/diarioregionaldigital.com.br\/?p=112151","title":{"rendered":"Prefeitura Municipal de Rio Novo &#8211; Pp-50-Aviso 20\/07\/18"},"content":{"rendered":"<p style=\"text-align: center;\"><strong>PREFEITURA MUNICIPAL DE RIO NOVO<\/strong><\/p>\n<p style=\"text-align: center;\"><strong>\u00a0<\/strong><strong>AVISO DE LICITA\u00c7\u00c3O<\/strong><\/p>\n<p style=\"text-align: center;\"><strong>Licita\u00e7\u00e3o n\u00b0 077\/2018<\/strong><\/p>\n<p style=\"text-align: center;\"><strong>Preg\u00e3o Presencial n\u00b0 050\/2018<\/strong><\/p>\n<p style=\"text-align: center;\">O Munic\u00edpio de RIO NOVO, na forma da lei, faz saber a todos quantos o presente edital virem, ou dele conhecimento tiverem, que a partir das 10:00h do dia 7 de agosto de 2018, na Prefeitura Municipal na sala da comiss\u00e3o de licita\u00e7\u00e3o, localizada na rua PRA\u00c7A PREF. RONALDO DUTRA BORGES, n\u00b0 001, bairro CENTRO, munic\u00edpio de RIO NOVO, ser\u00e1 realizada licita\u00e7\u00e3o para a contrata\u00e7\u00e3o de interessados na PRESTA\u00c7\u00c3O DE SERVI\u00c7OS FUNER\u00c1RIOS DESTINADOS A PESSOAS CARENTES, tipo Menor Pre\u00e7o Global conforme consta no edital que se encontra\u00a0 a disposi\u00e7\u00e3o de todos\u00a0 os interessados na Prefeitura Municipal e em <a href=\"http:\/\/www.rionovo.mg.gov.br\">www.rionovo.mg.gov.br<\/a> onde poder\u00e3o obt\u00ea-lo. Para conhecimento de todos os interessados, expediu-se o presente que ser\u00e1 afixado no lugar de costume, publicando-se na forma da lei. RIO NOVO, 19 de julho de 2018.<\/p>\n","protected":false},"excerpt":{"rendered":"<p>PREFEITURA MUNICIPAL DE RIO NOVO \u00a0AVISO DE LICITA\u00c7\u00c3O Licita\u00e7\u00e3o n\u00b0 077\/2018 Preg\u00e3o Presencial n\u00b0 050\/2018 O Munic\u00edpio de RIO NOVO, na forma da lei, faz saber a todos quantos o presente edital virem, ou dele conhecimento tiverem, que a partir das 10:00h do dia 7 de agosto de 2018, na Prefeitura Municipal na sala da [&hellip;]<\/p>\n","protected":false},"author":96,"featured_media":0,"comment_status":"closed","ping_status":"closed","sticky":false,"template":"","format":"standard","meta":{"footnotes":""},"categories":[307],"tags":[],"class_list":["post-112151","post","type-post","status-publish","format-standard","hentry","category-editais"],"_links":{"self":[{"href":"https:\/\/diarioregionaldigital.com.br\/index.php?rest_route=\/wp\/v2\/posts\/112151","targetHints":{"allow":["GET"]}}],"collection":[{"href":"https:\/\/diarioregionaldigital.com.br\/index.php?rest_route=\/wp\/v2\/posts"}],"about":[{"href":"https:\/\/diarioregionaldigital.com.br\/index.php?rest_route=\/wp\/v2\/types\/post"}],"author":[{"embeddable":true,"href":"https:\/\/diarioregionaldigital.com.br\/index.php?rest_route=\/wp\/v2\/users\/96"}],"replies":[{"embeddable":true,"href":"https:\/\/diarioregionaldigital.com.br\/index.php?rest_route=%2Fwp%2Fv2%2Fcomments&post=112151"}],"version-history":[{"count":0,"href":"https:\/\/diarioregionaldigital.com.br\/index.php?rest_route=\/wp\/v2\/posts\/112151\/revisions"}],"wp:attachment":[{"href":"https:\/\/diarioregionaldigital.com.br\/index.php?rest_route=%2Fwp%2Fv2%2Fmedia&parent=112151"}],"wp:term":[{"taxonomy":"category","embeddable":true,"href":"https:\/\/diarioregionaldigital.com.br\/index.php?rest_route=%2Fwp%2Fv2%2Fcategories&post=112151"},{"taxonomy":"post_tag","embeddable":true,"href":"https:\/\/diarioregionaldigital.com.br\/index.php?rest_route=%2Fwp%2Fv2%2Ftags&post=112151"}],"curies":[{"name":"wp","href":"https:\/\/api.w.org\/{rel}","templated":true}]}}