{"id":112147,"date":"2018-07-20T06:00:22","date_gmt":"2018-07-20T09:00:22","guid":{"rendered":"http:\/\/diarioregionaljf.com.br\/?p=112147"},"modified":"2018-08-13T20:23:39","modified_gmt":"2018-08-13T23:23:39","slug":"eleicoes-na-amir-20-07-18","status":"publish","type":"post","link":"https:\/\/diarioregionaldigital.com.br\/?p=112147","title":{"rendered":"Elei\u00e7\u00f5es na Amir 20\/07\/18"},"content":{"rendered":"<p style=\"text-align: center;\"><strong>ELEI\u00c7\u00d5ES NA AMIR\/JF<\/strong><\/p>\n<p style=\"text-align: center;\"><strong>EDITAL DE CONVOCA\u00c7\u00c3O<\/strong><\/p>\n<p>Pelo presente Edital, o presidente da AMIR\/JF, convoca os associados das categorias fundadores e efetivos para AGO a ser realizada no dia 08 de agosto de 2018 (quarta-feira), em sua sede social, situada \u00e0 Rua Howian, n\u00ba40, no hor\u00e1rio das 09 \u00e0s 15 horas,com a seguinte ordem do dia:<\/p>\n<p>Eleger e proclamar os membros do CD, CF e DE, para o tri\u00eanio 2018\/2021.<\/p>\n<p>Amparo legal: letra \u201ce\u201d do art. 15, letra \u201da\u201d do art. 18 e letra \u201ci\u201d do art. 13 tudo do Estatuto Social da AMIR\/JF.<\/p>\n<p>Para votar o associado dever\u00e1 apresentar a Carteira Social da AMIR\/JF ou Carteira de Identidade, conforme a letra \u201ca\u201d do art. 18 do Regimento Eleitoral. S\u00f3 poder\u00e3o votar os associados que estejam quites com suas obriga\u00e7\u00f5es financeiras junto \u00e0 Tesouraria da AMIR\/JF at\u00e9 o dia 03 de\u00a0\u00a0agosto de 2018 (sexta-feira), conforme estabelece o \u00a7 1\u00ba do Art. 2\u00ba do Regimento Eleitoral.<\/p>\n<p style=\"text-align: center;\"><strong>Jo\u00e3o Antonio Carreira\u00a0<\/strong><br \/>\n<strong>Presidente da\u00a0AMIR\/JF<\/strong><\/p>\n","protected":false},"excerpt":{"rendered":"<p>ELEI\u00c7\u00d5ES NA AMIR\/JF EDITAL DE CONVOCA\u00c7\u00c3O Pelo presente Edital, o presidente da AMIR\/JF, convoca os associados das categorias fundadores e efetivos para AGO a ser realizada no dia 08 de agosto de 2018 (quarta-feira), em sua sede social, situada \u00e0 Rua Howian, n\u00ba40, no hor\u00e1rio das 09 \u00e0s 15 horas,com a seguinte ordem do dia: [&hellip;]<\/p>\n","protected":false},"author":96,"featured_media":0,"comment_status":"closed","ping_status":"closed","sticky":false,"template":"","format":"standard","meta":{"footnotes":""},"categories":[307],"tags":[],"class_list":["post-112147","post","type-post","status-publish","format-standard","hentry","category-editais"],"_links":{"self":[{"href":"https:\/\/diarioregionaldigital.com.br\/index.php?rest_route=\/wp\/v2\/posts\/112147","targetHints":{"allow":["GET"]}}],"collection":[{"href":"https:\/\/diarioregionaldigital.com.br\/index.php?rest_route=\/wp\/v2\/posts"}],"about":[{"href":"https:\/\/diarioregionaldigital.com.br\/index.php?rest_route=\/wp\/v2\/types\/post"}],"author":[{"embeddable":true,"href":"https:\/\/diarioregionaldigital.com.br\/index.php?rest_route=\/wp\/v2\/users\/96"}],"replies":[{"embeddable":true,"href":"https:\/\/diarioregionaldigital.com.br\/index.php?rest_route=%2Fwp%2Fv2%2Fcomments&post=112147"}],"version-history":[{"count":0,"href":"https:\/\/diarioregionaldigital.com.br\/index.php?rest_route=\/wp\/v2\/posts\/112147\/revisions"}],"wp:attachment":[{"href":"https:\/\/diarioregionaldigital.com.br\/index.php?rest_route=%2Fwp%2Fv2%2Fmedia&parent=112147"}],"wp:term":[{"taxonomy":"category","embeddable":true,"href":"https:\/\/diarioregionaldigital.com.br\/index.php?rest_route=%2Fwp%2Fv2%2Fcategories&post=112147"},{"taxonomy":"post_tag","embeddable":true,"href":"https:\/\/diarioregionaldigital.com.br\/index.php?rest_route=%2Fwp%2Fv2%2Ftags&post=112147"}],"curies":[{"name":"wp","href":"https:\/\/api.w.org\/{rel}","templated":true}]}}