{"id":112144,"date":"2018-07-20T06:00:37","date_gmt":"2018-07-20T09:00:37","guid":{"rendered":"http:\/\/diarioregionaljf.com.br\/?p=112144"},"modified":"2018-07-20T16:43:53","modified_gmt":"2018-07-20T19:43:53","slug":"cantoria","status":"publish","type":"post","link":"https:\/\/diarioregionaldigital.com.br\/?p=112144","title":{"rendered":"Cantoria"},"content":{"rendered":"<p style=\"text-align: center;\"><strong>Uma Pena<\/strong><\/p>\n<p style=\"text-align: center;\">Juiz-foranos de v\u00e1rias gera\u00e7\u00f5es ficaram na expectativa de ver conclu\u00edda a revitaliza\u00e7\u00e3o da Pra\u00e7a da Esta\u00e7\u00e3o. Alvo de diferentes projetos de requalifica\u00e7\u00e3o a Esta\u00e7\u00e3o aguarda o momento de voltar a ser o cart\u00e3o-postal da cidade. Indeferido e arquivado pelo Minist\u00e9rio da Cultura, o projeto Complexo Cultural Pra\u00e7a da Esta\u00e7\u00e3o em Juiz de Fora previa o custo de R$ 18,5 milh\u00f5es para que a regi\u00e3o que congrega parte da hist\u00f3ria f\u00e9rrea do pa\u00eds adquirisse novos contornos. Atualmente, n\u00e3o existe perspectivas para a viabiliza\u00e7\u00e3o do projeto.<\/p>\n<p style=\"text-align: center;\"><strong>Alerta<\/strong><\/p>\n<p style=\"text-align: center;\">O Cal\u00e7ad\u00e3o da Rua Halfeld em Juiz de Fora recebeu no s\u00e1bado passado folhetos explicativos sobre o Transtorno do D\u00e9ficit de Aten\u00e7\u00e3o e Hiperatividade (TDAH). A a\u00e7\u00e3o fez parte da Semana Municipal de Informa\u00e7\u00e3o e Conscientiza\u00e7\u00e3o sobre o TDAH, que acontece pela primeira vez em Juiz de Fora. De acordo com o vereador e m\u00e9dico neurologista Adriano Miranda, autor da lei que institui o evento, o objetivo da a\u00e7\u00e3o \u00e9 quebrar preconceitos e o estigma imposta a essas crian\u00e7as, visando mais uni\u00e3o entre as escolas, as fam\u00edlias e especialistas.<\/p>\n<p style=\"text-align: center;\"><strong>Conclus\u00e3o<\/strong><\/p>\n<p style=\"text-align: center;\">Desde 2013, a reforma do pr\u00e9dio do Grupo Central \u00e9 esperada pela popula\u00e7\u00e3o de Juiz de Fora. A licita\u00e7\u00e3o para restaura\u00e7\u00e3o do pr\u00e9dio da Escola Estadual Delfim Moreira, no Centro, entra em fase de an\u00e1lise da documenta\u00e7\u00e3o de interessados. N\u00e3o h\u00e1 prazos para resultado final. Estamos de olho!<\/p>\n<p style=\"text-align: center;\"><strong>\u201cDia D\u201d<\/strong><\/p>\n<p style=\"text-align: center;\">Sess\u00e3o flor de laranjeira vai unir em casamento o casal Polyana Schettino e Eduardo Evangelista. O elegante evento vai ser no dia 18 de agosto, no Espa\u00e7o \u00c1gua Santa. Ela \u00e9 filha de Maria Cristina e Ant\u00f4nio Schettino Neto. Ele, de Vilma e Sebasti\u00e3o Jorge Evangelista.<\/p>\n<p style=\"text-align: center;\"><strong>Cantoria<\/strong><\/p>\n<p style=\"text-align: center;\">O cantor Mam\u00e3o vai completar 80 anos e ganhar\u00e1 fest\u00e3o. No dia 26 de julho, o Bar do Luiz recebe a cantora Ana Monteiro, Bachar\u00e9is do Santos, Alexandre Pereira, Z\u00e9 Carlos e Daniel dos Santos. Todos cantando e tocando lindas m\u00fasicas para homenagear o mestre.<\/p>\n<div id=\"attachment_112132\" style=\"width: 690px\" class=\"wp-caption aligncenter\"><img loading=\"lazy\" decoding=\"async\" aria-describedby=\"caption-attachment-112132\" class=\"wp-image-112132\" src=\"http:\/\/diarioregionaljf.com.br\/wp-content\/uploads\/2018\/07\/fotoa-12.jpg\" alt=\"\" width=\"680\" height=\"510\" srcset=\"https:\/\/diarioregionaldigital.com.br\/wp-content\/uploads\/2018\/07\/fotoa-12.jpg 960w, https:\/\/diarioregionaldigital.com.br\/wp-content\/uploads\/2018\/07\/fotoa-12-300x225.jpg 300w, https:\/\/diarioregionaldigital.com.br\/wp-content\/uploads\/2018\/07\/fotoa-12-768x576.jpg 768w, https:\/\/diarioregionaldigital.com.br\/wp-content\/uploads\/2018\/07\/fotoa-12-360x270.jpg 360w\" sizes=\"auto, (max-width: 680px) 100vw, 680px\" \/><p id=\"caption-attachment-112132\" class=\"wp-caption-text\">Homens de atitude em coquetel no Constance Beauty, Erick Terzi, Lucas Silva, Ney Martins e Lisandro Reis<\/p><\/div>\n<div id=\"attachment_112134\" style=\"width: 690px\" class=\"wp-caption aligncenter\"><img loading=\"lazy\" decoding=\"async\" aria-describedby=\"caption-attachment-112134\" class=\"wp-image-112134\" src=\"http:\/\/diarioregionaljf.com.br\/wp-content\/uploads\/2018\/07\/fotob-14.jpg\" alt=\"\" width=\"680\" height=\"383\" srcset=\"https:\/\/diarioregionaldigital.com.br\/wp-content\/uploads\/2018\/07\/fotob-14.jpg 1032w, https:\/\/diarioregionaldigital.com.br\/wp-content\/uploads\/2018\/07\/fotob-14-300x169.jpg 300w, https:\/\/diarioregionaldigital.com.br\/wp-content\/uploads\/2018\/07\/fotob-14-768x432.jpg 768w, https:\/\/diarioregionaldigital.com.br\/wp-content\/uploads\/2018\/07\/fotob-14-1024x576.jpg 1024w, https:\/\/diarioregionaldigital.com.br\/wp-content\/uploads\/2018\/07\/fotob-14-360x203.jpg 360w\" sizes=\"auto, (max-width: 680px) 100vw, 680px\" \/><p id=\"caption-attachment-112134\" class=\"wp-caption-text\">Em tempo de del\u00edcias julinas na Padaria Trigale, os lindos Gustavo Costa, Valqu\u00edria Renata, Valdir J\u00fanior, Renata Sobrinho e Edilaine Ara\u00fajo<\/p><\/div>\n<div id=\"attachment_112143\" style=\"width: 690px\" class=\"wp-caption aligncenter\"><img loading=\"lazy\" decoding=\"async\" aria-describedby=\"caption-attachment-112143\" class=\"wp-image-112143\" src=\"http:\/\/diarioregionaljf.com.br\/wp-content\/uploads\/2018\/07\/fotoc-13-e1532032269427.jpg\" alt=\"\" width=\"680\" height=\"466\" srcset=\"https:\/\/diarioregionaldigital.com.br\/wp-content\/uploads\/2018\/07\/fotoc-13-e1532032269427.jpg 1170w, https:\/\/diarioregionaldigital.com.br\/wp-content\/uploads\/2018\/07\/fotoc-13-e1532032269427-300x205.jpg 300w, https:\/\/diarioregionaldigital.com.br\/wp-content\/uploads\/2018\/07\/fotoc-13-e1532032269427-768x526.jpg 768w, https:\/\/diarioregionaldigital.com.br\/wp-content\/uploads\/2018\/07\/fotoc-13-e1532032269427-1024x701.jpg 1024w, https:\/\/diarioregionaldigital.com.br\/wp-content\/uploads\/2018\/07\/fotoc-13-e1532032269427-360x246.jpg 360w, https:\/\/diarioregionaldigital.com.br\/wp-content\/uploads\/2018\/07\/fotoc-13-e1532032269427-100x70.jpg 100w\" sizes=\"auto, (max-width: 680px) 100vw, 680px\" \/><p id=\"caption-attachment-112143\" class=\"wp-caption-text\">Em noite social, Alex Martins, S\u00f4nia Moreira, Walmer Riani e Myrliane Le\u00e3o<\/p><\/div>\n<div id=\"attachment_112137\" style=\"width: 690px\" class=\"wp-caption aligncenter\"><img loading=\"lazy\" decoding=\"async\" aria-describedby=\"caption-attachment-112137\" class=\"wp-image-112137\" src=\"http:\/\/diarioregionaljf.com.br\/wp-content\/uploads\/2018\/07\/fotod-13.jpg\" alt=\"\" width=\"680\" height=\"453\" srcset=\"https:\/\/diarioregionaldigital.com.br\/wp-content\/uploads\/2018\/07\/fotod-13.jpg 960w, https:\/\/diarioregionaldigital.com.br\/wp-content\/uploads\/2018\/07\/fotod-13-300x200.jpg 300w, https:\/\/diarioregionaldigital.com.br\/wp-content\/uploads\/2018\/07\/fotod-13-768x512.jpg 768w, https:\/\/diarioregionaldigital.com.br\/wp-content\/uploads\/2018\/07\/fotod-13-360x240.jpg 360w\" sizes=\"auto, (max-width: 680px) 100vw, 680px\" \/><p id=\"caption-attachment-112137\" class=\"wp-caption-text\">Em Mar de Espanha (MG) nos seus 15 anos com Baile de M\u00e1scara, Karoline Bar\u00e3o e Marcos Saramela. (Foto Ricardo Rossi)<\/p><\/div>\n<div id=\"attachment_112138\" style=\"width: 690px\" class=\"wp-caption aligncenter\"><img loading=\"lazy\" decoding=\"async\" aria-describedby=\"caption-attachment-112138\" class=\"wp-image-112138\" src=\"http:\/\/diarioregionaljf.com.br\/wp-content\/uploads\/2018\/07\/fotoe-12-e1532032568489.jpg\" alt=\"\" width=\"680\" height=\"510\" srcset=\"https:\/\/diarioregionaldigital.com.br\/wp-content\/uploads\/2018\/07\/fotoe-12-e1532032568489.jpg 399w, https:\/\/diarioregionaldigital.com.br\/wp-content\/uploads\/2018\/07\/fotoe-12-e1532032568489-300x225.jpg 300w, https:\/\/diarioregionaldigital.com.br\/wp-content\/uploads\/2018\/07\/fotoe-12-e1532032568489-360x270.jpg 360w\" sizes=\"auto, (max-width: 680px) 100vw, 680px\" \/><p id=\"caption-attachment-112138\" class=\"wp-caption-text\">Na C\u00e2mara Municipal em momento solene Fernanda Coser e Alexandre Jabour<\/p><\/div>\n<div id=\"attachment_112139\" style=\"width: 690px\" class=\"wp-caption aligncenter\"><img loading=\"lazy\" decoding=\"async\" aria-describedby=\"caption-attachment-112139\" class=\"wp-image-112139\" src=\"http:\/\/diarioregionaljf.com.br\/wp-content\/uploads\/2018\/07\/fotof-10.jpg\" alt=\"\" width=\"680\" height=\"454\" srcset=\"https:\/\/diarioregionaldigital.com.br\/wp-content\/uploads\/2018\/07\/fotof-10.jpg 550w, https:\/\/diarioregionaldigital.com.br\/wp-content\/uploads\/2018\/07\/fotof-10-300x200.jpg 300w, https:\/\/diarioregionaldigital.com.br\/wp-content\/uploads\/2018\/07\/fotof-10-360x240.jpg 360w\" sizes=\"auto, (max-width: 680px) 100vw, 680px\" \/><p id=\"caption-attachment-112139\" class=\"wp-caption-text\">No C\u00edrculo Militar em tempo julino, Evane Vargas, Ant\u00f4nio Barroso, Paulo Andrade e S\u00f4nia Parma<\/p><\/div>\n<div id=\"attachment_112140\" style=\"width: 690px\" class=\"wp-caption aligncenter\"><img loading=\"lazy\" decoding=\"async\" aria-describedby=\"caption-attachment-112140\" class=\"wp-image-112140\" src=\"http:\/\/diarioregionaljf.com.br\/wp-content\/uploads\/2018\/07\/fotog-12.jpg\" alt=\"\" width=\"680\" height=\"454\" srcset=\"https:\/\/diarioregionaldigital.com.br\/wp-content\/uploads\/2018\/07\/fotog-12.jpg 550w, https:\/\/diarioregionaldigital.com.br\/wp-content\/uploads\/2018\/07\/fotog-12-300x200.jpg 300w, https:\/\/diarioregionaldigital.com.br\/wp-content\/uploads\/2018\/07\/fotog-12-360x240.jpg 360w\" sizes=\"auto, (max-width: 680px) 100vw, 680px\" \/><p id=\"caption-attachment-112140\" class=\"wp-caption-text\">Na Festa Julina do Lact\u00e1rio S\u00e3o Jos\u00e9, Victor Fierro, \u00c2ngela, Jorge e Ana Tereza Macedo, Vanda Lisboa, Maria Helena Macedo e Shirley Neto<\/p><\/div>\n<div id=\"attachment_112141\" style=\"width: 690px\" class=\"wp-caption aligncenter\"><img loading=\"lazy\" decoding=\"async\" aria-describedby=\"caption-attachment-112141\" class=\"wp-image-112141\" src=\"http:\/\/diarioregionaljf.com.br\/wp-content\/uploads\/2018\/07\/fotoh-11.jpg\" alt=\"\" width=\"680\" height=\"453\" srcset=\"https:\/\/diarioregionaldigital.com.br\/wp-content\/uploads\/2018\/07\/fotoh-11.jpg 960w, https:\/\/diarioregionaldigital.com.br\/wp-content\/uploads\/2018\/07\/fotoh-11-300x200.jpg 300w, https:\/\/diarioregionaldigital.com.br\/wp-content\/uploads\/2018\/07\/fotoh-11-768x512.jpg 768w, https:\/\/diarioregionaldigital.com.br\/wp-content\/uploads\/2018\/07\/fotoh-11-360x240.jpg 360w\" sizes=\"auto, (max-width: 680px) 100vw, 680px\" \/><p id=\"caption-attachment-112141\" class=\"wp-caption-text\">No Cal\u00e7ad\u00e3o da Halfeld na passeata TDAH, o idealizador vereador Dr. Adriano Miranda com Vivian e as filhas Beatriz, J\u00falia e Camila<\/p><\/div>\n<div id=\"attachment_112133\" style=\"width: 690px\" class=\"wp-caption aligncenter\"><img loading=\"lazy\" decoding=\"async\" aria-describedby=\"caption-attachment-112133\" class=\"wp-image-112133\" src=\"http:\/\/diarioregionaljf.com.br\/wp-content\/uploads\/2018\/07\/fotoaa-6-e1532032526508.jpg\" alt=\"\" width=\"680\" height=\"568\" srcset=\"https:\/\/diarioregionaldigital.com.br\/wp-content\/uploads\/2018\/07\/fotoaa-6-e1532032526508.jpg 540w, https:\/\/diarioregionaldigital.com.br\/wp-content\/uploads\/2018\/07\/fotoaa-6-e1532032526508-300x251.jpg 300w, https:\/\/diarioregionaldigital.com.br\/wp-content\/uploads\/2018\/07\/fotoaa-6-e1532032526508-360x301.jpg 360w\" sizes=\"auto, (max-width: 680px) 100vw, 680px\" \/><p id=\"caption-attachment-112133\" class=\"wp-caption-text\">Tathyane Souza festejou anivers\u00e1rio no Ibiza ladeada dos bonit\u00f5es Renildo Louzada e Leonardo Guimar\u00e3es<\/p><\/div>\n<div id=\"attachment_112135\" style=\"width: 690px\" class=\"wp-caption aligncenter\"><img loading=\"lazy\" decoding=\"async\" aria-describedby=\"caption-attachment-112135\" class=\"wp-image-112135\" src=\"http:\/\/diarioregionaljf.com.br\/wp-content\/uploads\/2018\/07\/fotobb-3-e1532032379165.jpg\" alt=\"\" width=\"680\" height=\"487\" srcset=\"https:\/\/diarioregionaldigital.com.br\/wp-content\/uploads\/2018\/07\/fotobb-3-e1532032379165.jpg 766w, https:\/\/diarioregionaldigital.com.br\/wp-content\/uploads\/2018\/07\/fotobb-3-e1532032379165-300x215.jpg 300w, https:\/\/diarioregionaldigital.com.br\/wp-content\/uploads\/2018\/07\/fotobb-3-e1532032379165-360x258.jpg 360w\" sizes=\"auto, (max-width: 680px) 100vw, 680px\" \/><p id=\"caption-attachment-112135\" class=\"wp-caption-text\">A diva Sandra Portella, indicada ao Pr\u00eamio da M\u00fasica Brasileira- Petrobras, \u00e9 atra\u00e7\u00e3o no show Batucada, no s\u00e1bado, 21, \u00e0 tarde, no Cultural<\/p><\/div>\n<p style=\"text-align: center;\"><strong>FOTOSS\u00cdNTESE<\/strong><\/p>\n<p>A programa\u00e7\u00e3o do XV Congresso Regional Sudeste da Federa\u00e7\u00e3o de Meninos Cantores do Brasil continua com apresenta\u00e7\u00f5es no Cine-Theatro Central e no s\u00e1bado, 21, com a presen\u00e7a de coros em par\u00f3quias da cidade: O encerramento ser\u00e1 domingo, 22, \u00e0s 10h, em Santa Missa na Catedral, com a miss\u00e3o entregue ao arcebispo metropolitano, Dom Gil Ant\u00f4nio Moreira.<\/p>\n<p>O Shopping Independ\u00eancia promove no s\u00e1bado, 21, o Arrasta Pet, no estacionamento descoberto do G1, com 15 barracas, com comidas e bebidas t\u00edpicas para os donos dos bichinhos e, convidados especiais.<\/p>\n<p>O presidente da FIEMG, Fl\u00e1vio Roscoe Nogueira estar\u00e1 hoje em Juiz de Fora para a posse do novo presidente da FIEMG Regional Zona da Mata, Aur\u00e9lio Marangon Sobrinho. Tamb\u00e9m ser\u00e1 empossado o novo presidente do Centro Industrial, Jos\u00e9 Tadeu Monteiro de Barros.<\/p>\n<p>Em estilo que marca a diferen\u00e7a, a loja S\u00e9rgios Cal\u00e7ados foi eleita\u00a0 a melhor loja do segmento de cal\u00e7ados masculinos do Brasil, atrav\u00e9s do 18\u00ba Pr\u00eamio Lojista ALSHOP. Em Juiz de Fora s\u00e3o tr\u00eas lojas, no Mister Shopping, Independ\u00eancia Shopping e Shopping Jardim Norte.<\/p>\n<p>Fazendo sucesso a Francele Galil Singuralidade em Eventos. O buffet \u00e9 de alt\u00edssima qualidade e a Est\u00e2ncia Dom Vi\u00e7oso, o lugar certo.<\/p>\n<p>Pela primeira vez em Juiz de Fora, a Minas Tch\u00ea- Feira Ga\u00facha come\u00e7a hoje, 20, e segue at\u00e9 29 de julho, no MHall. Em cena, moda, cultura e gastronomia do sul. Segunda \u00e0 sexta de 16 \u00e0s 23h, e s\u00e1bados e domingos, de 12 \u00e0s 23h. A abertura ser\u00e1 hoje, 20, \u00e0s 18h.<\/p>\n<p>Luxuosamente instalado na Benjamin Constant no campo do Tupi, o Babil\u00f4nia Circus \u00e9 op\u00e7\u00e3o para as f\u00e9rias das crian\u00e7as e dos adultos tamb\u00e9m.<\/p>\n<p>Agendado para 3 de agosto, \u00e0s 19h, no Ol\u00edmpico Atl\u00e9tico Clube, o evento O Dia do Milagre, com o Bispo Josivaldo Batista e a Pastora Simone. No palco o cantor Fabiano Motta e a dupla Francklin &amp; M\u00e1rcio. Em tempo: este tipo de evento tem que ser em local fechado e n\u00e3o na Pra\u00e7a Ant\u00f4nio Carlos, onde h\u00e1 gritaria repetitiva, ningu\u00e9m merece. Com todo respeito.<\/p>\n<p>Aten\u00e7\u00e3o: para maior seguran\u00e7a, vinte bares do Alto dos Passos foram fiscalizados no \u00faltimo final de semana pela Secretaria de Atividades Urbanas de Juiz de Fora (SAU). Na pauta, cadeira na cal\u00e7ada e funcionamento ap\u00f3s a meia-noite.<\/p>\n<p>Muito simp\u00e1tico, o ex-jogador Zico esteve nessa semana em Juiz de Fora no Centro de Futebol que leva seu nome para abertura do evento de futebol Society que re\u00fane 56 equipes e leva o nome de Copa Zico.<\/p>\n<p>Agendada para os dias 7 e 9 de setembro, mais uma edi\u00e7\u00e3o da festa \u00edtalo-brasileira Carnevale, em Pequeri.<\/p>\n<p>Com pura eleg\u00e2ncia, Larissa Lessa promove no dia 24, na Assunta, o curso \u201cSe vestir \u00e9 um desafio para voc\u00ea?\u201d.<\/p>\n<p>Incr\u00edvel: N\u00e3o enlouque\u00e7a buscando a perfei\u00e7\u00e3o, alguns defeitos s\u00e3o importantes! Em alguns momentos apenas uso meu brilho para iluminar o caminho dos outros. Bom dia.<\/p>\n","protected":false},"excerpt":{"rendered":"<p>Uma Pena Juiz-foranos de v\u00e1rias gera\u00e7\u00f5es ficaram na expectativa de ver conclu\u00edda a revitaliza\u00e7\u00e3o da Pra\u00e7a da Esta\u00e7\u00e3o. Alvo de diferentes projetos de requalifica\u00e7\u00e3o a Esta\u00e7\u00e3o aguarda o momento de voltar a ser o cart\u00e3o-postal da cidade. Indeferido e arquivado pelo Minist\u00e9rio da Cultura, o projeto Complexo Cultural Pra\u00e7a da Esta\u00e7\u00e3o em Juiz de Fora [&hellip;]<\/p>\n","protected":false},"author":96,"featured_media":112132,"comment_status":"closed","ping_status":"closed","sticky":false,"template":"","format":"standard","meta":{"footnotes":""},"categories":[264],"tags":[],"class_list":["post-112144","post","type-post","status-publish","format-standard","has-post-thumbnail","hentry","category-eduardo-gomes"],"_links":{"self":[{"href":"https:\/\/diarioregionaldigital.com.br\/index.php?rest_route=\/wp\/v2\/posts\/112144","targetHints":{"allow":["GET"]}}],"collection":[{"href":"https:\/\/diarioregionaldigital.com.br\/index.php?rest_route=\/wp\/v2\/posts"}],"about":[{"href":"https:\/\/diarioregionaldigital.com.br\/index.php?rest_route=\/wp\/v2\/types\/post"}],"author":[{"embeddable":true,"href":"https:\/\/diarioregionaldigital.com.br\/index.php?rest_route=\/wp\/v2\/users\/96"}],"replies":[{"embeddable":true,"href":"https:\/\/diarioregionaldigital.com.br\/index.php?rest_route=%2Fwp%2Fv2%2Fcomments&post=112144"}],"version-history":[{"count":0,"href":"https:\/\/diarioregionaldigital.com.br\/index.php?rest_route=\/wp\/v2\/posts\/112144\/revisions"}],"wp:featuredmedia":[{"embeddable":true,"href":"https:\/\/diarioregionaldigital.com.br\/index.php?rest_route=\/wp\/v2\/media\/112132"}],"wp:attachment":[{"href":"https:\/\/diarioregionaldigital.com.br\/index.php?rest_route=%2Fwp%2Fv2%2Fmedia&parent=112144"}],"wp:term":[{"taxonomy":"category","embeddable":true,"href":"https:\/\/diarioregionaldigital.com.br\/index.php?rest_route=%2Fwp%2Fv2%2Fcategories&post=112144"},{"taxonomy":"post_tag","embeddable":true,"href":"https:\/\/diarioregionaldigital.com.br\/index.php?rest_route=%2Fwp%2Fv2%2Ftags&post=112144"}],"curies":[{"name":"wp","href":"https:\/\/api.w.org\/{rel}","templated":true}]}}