{"id":112128,"date":"2018-07-19T16:21:25","date_gmt":"2018-07-19T19:21:25","guid":{"rendered":"http:\/\/diarioregionaljf.com.br\/?p=112128"},"modified":"2018-07-19T16:21:25","modified_gmt":"2018-07-19T19:21:25","slug":"acordo-entre-mercosul-e-ue-tera-nova-etapa-de-negociacao-em-agosto-2","status":"publish","type":"post","link":"https:\/\/diarioregionaldigital.com.br\/?p=112128","title":{"rendered":"Acordo entre Mercosul e UE ter\u00e1 nova etapa de negocia\u00e7\u00e3o em agosto"},"content":{"rendered":"<p>Daqui a um m\u00eas, os ministros do Mercosul (Brasil, Argentina, Paraguai e Uruguai) e os comiss\u00e1rios europeus de Com\u00e9rcio e Agricultura se reunir\u00e3o novamente, em Montevid\u00e9u (Uruguai). Ser\u00e1 mais uma rodada de negocia\u00e7\u00f5es de alto n\u00edvel em torno dos termos para o acordo entre o bloco e Uni\u00e3o Europeia. At\u00e9 l\u00e1, seguem as discuss\u00f5es em n\u00edvel t\u00e9cnico.<\/p>\n<p>A nova etapa de reuni\u00f5es foi marcada pela tentativa de avan\u00e7ar os termos do acordo, ap\u00f3s os ministros conclu\u00edrem nessa quinta-feira, 19, uma s\u00e9rie de conversas, em Bruxelas (B\u00e9lgica). As tratativas ocorrem h\u00e1 quase 20 anos.<\/p>\n<p>Representando o Brasil participaram dos dois dias de reuni\u00f5es os ministros das Rela\u00e7\u00f5es Exteriores, Aloysio Nunes, e da Ind\u00fastria, Com\u00e9rcio Exterior e Servi\u00e7os, Marcos Jorge.<\/p>\n<p>A comiss\u00e1ria europeia de Com\u00e9rcio, Cecilia Malmstr\u00f6m, disse que foram registrados avan\u00e7os. \u201cEstamos realizando bons progressos. Estamos tratando sobre algumas quest\u00f5es muito dif\u00edceis. H\u00e1 ainda uma longa lista sobre a qual \u00e9 preciso trabalhar\u201d.<\/p>\n<p>Na ter\u00e7a-feira, 17, representantes das ind\u00fastrias do Brasil e da Alemanha assinaram uma carta em que defendem a conclus\u00e3o do acordo comercial e afirmam existir condi\u00e7\u00f5es pol\u00edticas favor\u00e1veis. O documento foi assinado pela Confedera\u00e7\u00e3o Nacional da Ind\u00fastria (CNI), Federa\u00e7\u00e3o das Ind\u00fastrias Alem\u00e3 (BDI) e pelo Conselho da Ind\u00fastria Alem\u00e3 para a Am\u00e9rica Latina (LADW).<\/p>\n<p>Nas reuni\u00f5es, os acordos comerciais entre os dois blocos giram em torno dos temas relativos \u00e0 carne bovina, ao a\u00e7\u00facar e ao etanol. Mais recentemente entrou em discuss\u00e3o a solicita\u00e7\u00e3o da Uni\u00e3o Europeia para reduzir o percentual das tarifas de importa\u00e7\u00e3o de autom\u00f3veis produzidos pelos pa\u00edses do Mercosul.<\/p>\n<p>&nbsp;<\/p>\n<p>&nbsp;<\/p>\n<p>Fonte: Ag\u00eancia Brasil<\/p>\n<p>&nbsp;<\/p>\n","protected":false},"excerpt":{"rendered":"<p>Daqui a um m\u00eas, os ministros do Mercosul (Brasil, Argentina, Paraguai e Uruguai) e os comiss\u00e1rios europeus de Com\u00e9rcio e Agricultura se reunir\u00e3o novamente, em Montevid\u00e9u (Uruguai). Ser\u00e1 mais uma rodada de negocia\u00e7\u00f5es de alto n\u00edvel em torno dos termos para o acordo entre o bloco e Uni\u00e3o Europeia. At\u00e9 l\u00e1, seguem as discuss\u00f5es em [&hellip;]<\/p>\n","protected":false},"author":96,"featured_media":105072,"comment_status":"closed","ping_status":"closed","sticky":false,"template":"","format":"standard","meta":{"footnotes":""},"categories":[261,439],"tags":[],"class_list":["post-112128","post","type-post","status-publish","format-standard","has-post-thumbnail","hentry","category-economia","category-ultima-hora"],"_links":{"self":[{"href":"https:\/\/diarioregionaldigital.com.br\/index.php?rest_route=\/wp\/v2\/posts\/112128","targetHints":{"allow":["GET"]}}],"collection":[{"href":"https:\/\/diarioregionaldigital.com.br\/index.php?rest_route=\/wp\/v2\/posts"}],"about":[{"href":"https:\/\/diarioregionaldigital.com.br\/index.php?rest_route=\/wp\/v2\/types\/post"}],"author":[{"embeddable":true,"href":"https:\/\/diarioregionaldigital.com.br\/index.php?rest_route=\/wp\/v2\/users\/96"}],"replies":[{"embeddable":true,"href":"https:\/\/diarioregionaldigital.com.br\/index.php?rest_route=%2Fwp%2Fv2%2Fcomments&post=112128"}],"version-history":[{"count":0,"href":"https:\/\/diarioregionaldigital.com.br\/index.php?rest_route=\/wp\/v2\/posts\/112128\/revisions"}],"wp:featuredmedia":[{"embeddable":true,"href":"https:\/\/diarioregionaldigital.com.br\/index.php?rest_route=\/wp\/v2\/media\/105072"}],"wp:attachment":[{"href":"https:\/\/diarioregionaldigital.com.br\/index.php?rest_route=%2Fwp%2Fv2%2Fmedia&parent=112128"}],"wp:term":[{"taxonomy":"category","embeddable":true,"href":"https:\/\/diarioregionaldigital.com.br\/index.php?rest_route=%2Fwp%2Fv2%2Fcategories&post=112128"},{"taxonomy":"post_tag","embeddable":true,"href":"https:\/\/diarioregionaldigital.com.br\/index.php?rest_route=%2Fwp%2Fv2%2Ftags&post=112128"}],"curies":[{"name":"wp","href":"https:\/\/api.w.org\/{rel}","templated":true}]}}