{"id":111785,"date":"2018-07-17T16:11:34","date_gmt":"2018-07-17T19:11:34","guid":{"rendered":"http:\/\/diarioregionaljf.com.br\/?p=111785"},"modified":"2018-07-17T16:11:34","modified_gmt":"2018-07-17T19:11:34","slug":"executivo-envia-pl-que-cria-distritos-que-vai-possibilitar-a-instalacao-de-telefonia","status":"publish","type":"post","link":"https:\/\/diarioregionaldigital.com.br\/?p=111785","title":{"rendered":"Executivo envia PL que cria distritos que vai possibilitar a instala\u00e7\u00e3o de telefonia"},"content":{"rendered":"<p>Desde 2013, a Comiss\u00e3o Especial de Telefonia da C\u00e2mara Municipal &#8211; atualmente formada pelos vereadores Marlon Siqueira (MDB), Vagner de Oliveira (PSC), Sheila (PSL) Oliveira, Kennedy Ribeiro (MDB), Mello Casal (PTC) e Andr\u00e9 Mariano (PSC) &#8211; trabalha para levar servi\u00e7os de telecomunica\u00e7\u00e3o, principalmente de telefonia m\u00f3vel, para localidades que hoje s\u00e3o consideradas n\u00facleos rurais de Juiz de Fora. Nesse sentido, na \u00faltima semana, a Prefeitura de Juiz de Fora (PJF) enviou \u00e0 C\u00e2mara projeto de lei, por meio de Mensagem do Executivo, que cria os distritos de Caet\u00e9s de Minas, Humait\u00e1 de Minas, Monte Verde de Minas, Penido e Valadares. O texto deve ser votado a partir do dia 16 de agosto, quando termina o recesso legislativo.<\/p>\n<p>A cria\u00e7\u00e3o dos distritos possibilita a instala\u00e7\u00e3o de antenas, que melhoram o sinal de telefonia. \u201cA instala\u00e7\u00e3o desse equipamento n\u00e3o melhora apenas a comunica\u00e7\u00e3o desses locais, mas tamb\u00e9m traz melhorias nas \u00e1reas de educa\u00e7\u00e3o, seguran\u00e7a e sa\u00fade. Com o sinal de telefonia, chega tamb\u00e9m \u00e0 internet, que hoje em dia \u00e9 universal e a zona rural da nossa cidade n\u00e3o poderia ficar de fora\u201d, afirmou o presidente da Comiss\u00e3o, vereador Marlon Siqueira (MDB). Ele agradeceu aos vereadores da Comiss\u00e3o e a Prefeitura de Juiz de Fora (PJF).<\/p>\n<p>\u201cEste projeto de lei \u00e9 essencial, pois somente distritos podem participar do Programa Minas Comunica II, de \u00e2mbito estadual, que leva as Esta\u00e7\u00f5es de R\u00e1dio Base (ERB) a esses locais\u201d, explicou o vereador Kennedy Ribeiro (MDB), que acompanhou os trabalhos da Comiss\u00e3o de Telefonia.<\/p>\n<p>O vereador Vagner de Oliveira (PSC) afirmou que a eventual aprova\u00e7\u00e3o do projeto \u00e9 apenas mais um passo para que o sinal de telefonia chegue a esses locais. \u201cAinda precisamos da publica\u00e7\u00e3o da lei no \u00f3rg\u00e3o oficial do Estado e a implanta\u00e7\u00e3o das antenas nesses locais\u201d, disse. Segundo ele, al\u00e9m das antenas, outros benef\u00edcios da cria\u00e7\u00e3o de distritos s\u00e3o a chegada dos Correios e mais facilidade para essas \u00e1reas receberem recursos p\u00fablicos.<\/p>\n<p>&nbsp;<\/p>\n<p><strong>Novos distritos ser\u00e3o criados a partir de outros j\u00e1 existentes<\/strong><\/p>\n<p>O projeto prev\u00ea que os distritos de Penido e Valadares ser\u00e3o desmembrados do territ\u00f3rio do distrito Ros\u00e1rio de Minas;\u00a0 j\u00e1 Monte Verde de Minas e Humait\u00e1 de Minas ser\u00e3o desmembrados da \u00e1rea do distrito de Torr\u00f5es; e Caet\u00e9 de Minas ser\u00e1 formado por uma parte que atualmente \u00e9 territ\u00f3rio do distrito de Sarandira e outra que atualmente pertence a \u00e1rea rural do Distrito Sede. Com isso, o limite interdistrital entre o Distrito Sede e o distrito de Sarandira seria alterado.<\/p>\n<p>O desmembramento proposto tem como base o estudo t\u00e9cnico dessas localidades realizado pela Funda\u00e7\u00e3o Jo\u00e3o Pinheiro em parceria com t\u00e9cnicos da Prefeitura de Juiz de Fora. Para a defini\u00e7\u00e3o dos limites interdistritais, o estudo adotou como crit\u00e9rios c\u00f3rregos, vertentes, bacias hidrogr\u00e1ficas, topos de morros e estradas. Esses crit\u00e9rios foram utilizados por serem considerados mais f\u00e1ceis de se identificar visualmente na delimita\u00e7\u00e3o do territ\u00f3rio.<\/p>\n<p>Fonte: Assessoria<\/p>\n","protected":false},"excerpt":{"rendered":"<p>Desde 2013, a Comiss\u00e3o Especial de Telefonia da C\u00e2mara Municipal &#8211; atualmente formada pelos vereadores Marlon Siqueira (MDB), Vagner de Oliveira (PSC), Sheila (PSL) Oliveira, Kennedy Ribeiro (MDB), Mello Casal (PTC) e Andr\u00e9 Mariano (PSC) &#8211; trabalha para levar servi\u00e7os de telecomunica\u00e7\u00e3o, principalmente de telefonia m\u00f3vel, para localidades que hoje s\u00e3o consideradas n\u00facleos rurais de [&hellip;]<\/p>\n","protected":false},"author":96,"featured_media":111788,"comment_status":"closed","ping_status":"closed","sticky":false,"template":"","format":"standard","meta":{"footnotes":""},"categories":[254,439],"tags":[],"class_list":["post-111785","post","type-post","status-publish","format-standard","has-post-thumbnail","hentry","category-politica","category-ultima-hora"],"_links":{"self":[{"href":"https:\/\/diarioregionaldigital.com.br\/index.php?rest_route=\/wp\/v2\/posts\/111785","targetHints":{"allow":["GET"]}}],"collection":[{"href":"https:\/\/diarioregionaldigital.com.br\/index.php?rest_route=\/wp\/v2\/posts"}],"about":[{"href":"https:\/\/diarioregionaldigital.com.br\/index.php?rest_route=\/wp\/v2\/types\/post"}],"author":[{"embeddable":true,"href":"https:\/\/diarioregionaldigital.com.br\/index.php?rest_route=\/wp\/v2\/users\/96"}],"replies":[{"embeddable":true,"href":"https:\/\/diarioregionaldigital.com.br\/index.php?rest_route=%2Fwp%2Fv2%2Fcomments&post=111785"}],"version-history":[{"count":0,"href":"https:\/\/diarioregionaldigital.com.br\/index.php?rest_route=\/wp\/v2\/posts\/111785\/revisions"}],"wp:featuredmedia":[{"embeddable":true,"href":"https:\/\/diarioregionaldigital.com.br\/index.php?rest_route=\/wp\/v2\/media\/111788"}],"wp:attachment":[{"href":"https:\/\/diarioregionaldigital.com.br\/index.php?rest_route=%2Fwp%2Fv2%2Fmedia&parent=111785"}],"wp:term":[{"taxonomy":"category","embeddable":true,"href":"https:\/\/diarioregionaldigital.com.br\/index.php?rest_route=%2Fwp%2Fv2%2Fcategories&post=111785"},{"taxonomy":"post_tag","embeddable":true,"href":"https:\/\/diarioregionaldigital.com.br\/index.php?rest_route=%2Fwp%2Fv2%2Ftags&post=111785"}],"curies":[{"name":"wp","href":"https:\/\/api.w.org\/{rel}","templated":true}]}}