{"id":111779,"date":"2018-07-17T16:03:31","date_gmt":"2018-07-17T19:03:31","guid":{"rendered":"http:\/\/diarioregionaljf.com.br\/?p=111779"},"modified":"2018-07-17T16:08:13","modified_gmt":"2018-07-17T19:08:13","slug":"shopping-independencia-realiza-a-segunda-edicao-do-arrasta-pet-neste-sabado","status":"publish","type":"post","link":"https:\/\/diarioregionaldigital.com.br\/?p=111779","title":{"rendered":"Shopping Independ\u00eancia realiz\u00e1 a segunda edi\u00e7\u00e3o do Arrasta Pet neste s\u00e1bado"},"content":{"rendered":"<p>Com o intuito de promover divers\u00e3o para as fam\u00edlias e, principalmente, aos animais, o Shopping Independ\u00eancia realizar\u00e1 o segundo Arrasta Pet neste s\u00e1bado, 21, das 12h \u00e0s 17h, no estacionamento descoberto do G1.<\/p>\n<p>Para aqueles que comparecerem ao local, contar\u00e1 com mais de 15 barracas, com bebidas e comidas t\u00edpicas para os donos dos bichinhos e, para os convidados especiais, recrea\u00e7\u00e3o, cabine de fotos, produtos especializados, al\u00e9m de muita m\u00fasica e divers\u00e3o, para os animais.<\/p>\n<p>A entrada \u00e9 gratuita. O estacionamento e a venda de produtos \u00e9 \u00e0 parte.<\/p>\n<p>&nbsp;<\/p>\n<p>Fonte: Assessoria<\/p>\n","protected":false},"excerpt":{"rendered":"<p>Com o intuito de promover divers\u00e3o para as fam\u00edlias e, principalmente, aos animais, o Shopping Independ\u00eancia realizar\u00e1 o segundo Arrasta Pet neste s\u00e1bado, 21, das 12h \u00e0s 17h, no estacionamento descoberto do G1. Para aqueles que comparecerem ao local, contar\u00e1 com mais de 15 barracas, com bebidas e comidas t\u00edpicas para os donos dos bichinhos [&hellip;]<\/p>\n","protected":false},"author":96,"featured_media":111780,"comment_status":"closed","ping_status":"closed","sticky":false,"template":"","format":"standard","meta":{"footnotes":""},"categories":[253,439],"tags":[],"class_list":["post-111779","post","type-post","status-publish","format-standard","has-post-thumbnail","hentry","category-cidade","category-ultima-hora"],"_links":{"self":[{"href":"https:\/\/diarioregionaldigital.com.br\/index.php?rest_route=\/wp\/v2\/posts\/111779","targetHints":{"allow":["GET"]}}],"collection":[{"href":"https:\/\/diarioregionaldigital.com.br\/index.php?rest_route=\/wp\/v2\/posts"}],"about":[{"href":"https:\/\/diarioregionaldigital.com.br\/index.php?rest_route=\/wp\/v2\/types\/post"}],"author":[{"embeddable":true,"href":"https:\/\/diarioregionaldigital.com.br\/index.php?rest_route=\/wp\/v2\/users\/96"}],"replies":[{"embeddable":true,"href":"https:\/\/diarioregionaldigital.com.br\/index.php?rest_route=%2Fwp%2Fv2%2Fcomments&post=111779"}],"version-history":[{"count":0,"href":"https:\/\/diarioregionaldigital.com.br\/index.php?rest_route=\/wp\/v2\/posts\/111779\/revisions"}],"wp:featuredmedia":[{"embeddable":true,"href":"https:\/\/diarioregionaldigital.com.br\/index.php?rest_route=\/wp\/v2\/media\/111780"}],"wp:attachment":[{"href":"https:\/\/diarioregionaldigital.com.br\/index.php?rest_route=%2Fwp%2Fv2%2Fmedia&parent=111779"}],"wp:term":[{"taxonomy":"category","embeddable":true,"href":"https:\/\/diarioregionaldigital.com.br\/index.php?rest_route=%2Fwp%2Fv2%2Fcategories&post=111779"},{"taxonomy":"post_tag","embeddable":true,"href":"https:\/\/diarioregionaldigital.com.br\/index.php?rest_route=%2Fwp%2Fv2%2Ftags&post=111779"}],"curies":[{"name":"wp","href":"https:\/\/api.w.org\/{rel}","templated":true}]}}