{"id":111762,"date":"2018-07-17T14:22:20","date_gmt":"2018-07-17T17:22:20","guid":{"rendered":"http:\/\/diarioregionaljf.com.br\/?p=111762"},"modified":"2018-07-17T14:22:20","modified_gmt":"2018-07-17T17:22:20","slug":"zico-e-novo-diretor-tecnico-de-clube-japones","status":"publish","type":"post","link":"https:\/\/diarioregionaldigital.com.br\/?p=111762","title":{"rendered":"Zico \u00e9 novo diretor t\u00e9cnico de clube japon\u00eas"},"content":{"rendered":"<p>O Kashima Antlers, do Jap\u00e3o, anunciou Zico como seu novo diretor t\u00e9cnico at\u00e9 o fim deste ano. Segundo o site oficial do clube, Zico deve chegar ao pa\u00eds em 3 de agosto para iniciar os trabalhos em seu novo cargo.<\/p>\n<p>O ex-jogador j\u00e1 tem uma hist\u00f3ria com o Kashima Antlers. Ele foi diretor t\u00e9cnico de 1996 a 2002, mas desde 2016, quando estava no FC Goa, da \u00cdndia, n\u00e3o atua na fun\u00e7\u00e3o.<\/p>\n<p>Zico \u00e9 considerado por muitos um dos maiores jogadores do Flamengo, onde passou em duas oportunidades entre as d\u00e9cadas de\u00a070 e 80. Entre os t\u00edtulos, destaque para quatro edi\u00e7\u00f5es do Brasileiro e a conquista da Copa Libertadores da Am\u00e9rica, em 1981.<\/p>\n","protected":false},"excerpt":{"rendered":"<p>O Kashima Antlers, do Jap\u00e3o, anunciou Zico como seu novo diretor t\u00e9cnico at\u00e9 o fim deste ano. Segundo o site oficial do clube, Zico deve chegar ao pa\u00eds em 3 de agosto para iniciar os trabalhos em seu novo cargo. O ex-jogador j\u00e1 tem uma hist\u00f3ria com o Kashima Antlers. Ele foi diretor t\u00e9cnico de [&hellip;]<\/p>\n","protected":false},"author":96,"featured_media":111766,"comment_status":"closed","ping_status":"closed","sticky":false,"template":"","format":"standard","meta":{"footnotes":""},"categories":[257,439],"tags":[],"class_list":["post-111762","post","type-post","status-publish","format-standard","has-post-thumbnail","hentry","category-esporte","category-ultima-hora"],"_links":{"self":[{"href":"https:\/\/diarioregionaldigital.com.br\/index.php?rest_route=\/wp\/v2\/posts\/111762","targetHints":{"allow":["GET"]}}],"collection":[{"href":"https:\/\/diarioregionaldigital.com.br\/index.php?rest_route=\/wp\/v2\/posts"}],"about":[{"href":"https:\/\/diarioregionaldigital.com.br\/index.php?rest_route=\/wp\/v2\/types\/post"}],"author":[{"embeddable":true,"href":"https:\/\/diarioregionaldigital.com.br\/index.php?rest_route=\/wp\/v2\/users\/96"}],"replies":[{"embeddable":true,"href":"https:\/\/diarioregionaldigital.com.br\/index.php?rest_route=%2Fwp%2Fv2%2Fcomments&post=111762"}],"version-history":[{"count":0,"href":"https:\/\/diarioregionaldigital.com.br\/index.php?rest_route=\/wp\/v2\/posts\/111762\/revisions"}],"wp:featuredmedia":[{"embeddable":true,"href":"https:\/\/diarioregionaldigital.com.br\/index.php?rest_route=\/wp\/v2\/media\/111766"}],"wp:attachment":[{"href":"https:\/\/diarioregionaldigital.com.br\/index.php?rest_route=%2Fwp%2Fv2%2Fmedia&parent=111762"}],"wp:term":[{"taxonomy":"category","embeddable":true,"href":"https:\/\/diarioregionaldigital.com.br\/index.php?rest_route=%2Fwp%2Fv2%2Fcategories&post=111762"},{"taxonomy":"post_tag","embeddable":true,"href":"https:\/\/diarioregionaldigital.com.br\/index.php?rest_route=%2Fwp%2Fv2%2Ftags&post=111762"}],"curies":[{"name":"wp","href":"https:\/\/api.w.org\/{rel}","templated":true}]}}