{"id":111758,"date":"2018-07-17T14:15:07","date_gmt":"2018-07-17T17:15:07","guid":{"rendered":"http:\/\/diarioregionaljf.com.br\/?p=111758"},"modified":"2018-07-17T14:15:07","modified_gmt":"2018-07-17T17:15:07","slug":"pedal-ecologico-sera-realizado-em-rio-novo","status":"publish","type":"post","link":"https:\/\/diarioregionaldigital.com.br\/?p=111758","title":{"rendered":"Pedal Ecol\u00f3gico ser\u00e1 realizado em Rio Novo"},"content":{"rendered":"<p>Esporte, lazer e natureza. Estas s\u00e3o as atra\u00e7\u00f5es do Pedal Ecol\u00f3gico, marcado para o dia 26 de agosto em Rio Novo, Minas Gerais. A pedalada, com inicio \u00e0s 8h30, com largada da E. M. Francisca de Gomide Ara\u00fajo Sim\u00f5es, que fica na rua S\u00e3o Jos\u00e9, n\u00famero 197, no centro da cidade.<\/p>\n<p>O Pedal Ecol\u00f3gico percorrer\u00e1 caminhos rurais de todo o tipo de terreno e dificuldade, sendo um desafio bastante interessante para os participantes.<\/p>\n<p>O Passeio ter\u00e1 4 trajetos: 13 km (Iniciante), 20 Km (Reduzido), 31 km (Intermedi\u00e1rio) e 39 Km (Elite); que passar\u00e1 por estradas vicinais, poss\u00edvel travessia de riacho, matas fechadas, obst\u00e1culos naturais como pedras e ra\u00edzes de \u00e1rvores.<\/p>\n<p>Poder\u00e3o participar do passeio ciclistas de ambos os sexos, com idade m\u00ednima de 06 anos, com sa\u00fade apta comprovada via atestado m\u00e9dico, se solicitado, regularmente inscritos de acordo com este regulamento de prova.<\/p>\n<p>As inscri\u00e7\u00f5es j\u00e1 est\u00e3o abertas e est\u00e3o sendo realizadas pelo site oficial do evento utilizando a plataforma Eventbrite. As inscri\u00e7\u00f5es v\u00e3o at\u00e9 \u00e1s 23h do dia 22 de agosto.<\/p>\n<p>A premia\u00e7\u00e3o ser\u00e1 feita para a equipe que tiver o maior n\u00famero de participante uniformizado.<\/p>\n<p>&nbsp;<\/p>\n<p>PROGRAMA\u00c7\u00c3O<\/p>\n<p>26 de agosto &#8211; 07h00 at\u00e9 08h30 &#8211; Caf\u00e9 da manh\u00e3, entrega dos Kits e inscri\u00e7\u00f5es;<\/p>\n<p>&#8211; 08h30 &#8211; Largada para todos os trajetos.<\/p>\n<p>&#8211; 11h00 &#8211; Almo\u00e7o com m\u00fasica ao vivo e sorteio de brindes.<\/p>\n<p>&#8211; 14h00 &#8211; Encerramento de todas atividades ligadas ao Passeio Pedal Ecol\u00f3gico.<\/p>\n<p>VALORES<\/p>\n<p>Kit Premium &#8211; R$89,90 (Camisa de ciclismo, medalha, plaquinha, caf\u00e9 da manh\u00e3, almo\u00e7o, kit alimenta\u00e7\u00e3o). Vendas at\u00e9 o dia 29 de julho.<\/p>\n<p>Kit Promocional \u2013 R$ 39,90 (Medalha, plaquinha, caf\u00e9 da manh\u00e3, almo\u00e7o, kit alimenta\u00e7\u00e3o). Vendas at\u00e9 o dia 05 de agosto.<\/p>\n<p>Kit B\u00e1sico &#8211; R$ 37,00\u00a0(Plaquinha, caf\u00e9 da manh\u00e3, almo\u00e7o, kit alimenta\u00e7\u00e3o). Vendas a partir do dia 06 de agosto at\u00e9 o dia 22 de agosto.<\/p>\n<p>Todos alimentos arrecadados ser\u00e3o doados para a\u00a0Sociedade de S\u00e3o Vicente de Paulo de Rio Novo &#8211; MG.<\/p>\n<p>EQUIPAMENTOS INDICADOS<\/p>\n<p>Obrigat\u00f3rios:<\/p>\n<p>-Capacete, Cal\u00e7ado fechado e Caramanhola (garrafinha de \u00e1gua, squeeze)<\/p>\n<p>Fonte: Rodolfo Freitas<\/p>\n","protected":false},"excerpt":{"rendered":"<p>Esporte, lazer e natureza. Estas s\u00e3o as atra\u00e7\u00f5es do Pedal Ecol\u00f3gico, marcado para o dia 26 de agosto em Rio Novo, Minas Gerais. A pedalada, com inicio \u00e0s 8h30, com largada da E. M. Francisca de Gomide Ara\u00fajo Sim\u00f5es, que fica na rua S\u00e3o Jos\u00e9, n\u00famero 197, no centro da cidade. O Pedal Ecol\u00f3gico percorrer\u00e1 [&hellip;]<\/p>\n","protected":false},"author":96,"featured_media":111760,"comment_status":"closed","ping_status":"closed","sticky":false,"template":"","format":"standard","meta":{"footnotes":""},"categories":[257,439],"tags":[],"class_list":["post-111758","post","type-post","status-publish","format-standard","has-post-thumbnail","hentry","category-esporte","category-ultima-hora"],"_links":{"self":[{"href":"https:\/\/diarioregionaldigital.com.br\/index.php?rest_route=\/wp\/v2\/posts\/111758","targetHints":{"allow":["GET"]}}],"collection":[{"href":"https:\/\/diarioregionaldigital.com.br\/index.php?rest_route=\/wp\/v2\/posts"}],"about":[{"href":"https:\/\/diarioregionaldigital.com.br\/index.php?rest_route=\/wp\/v2\/types\/post"}],"author":[{"embeddable":true,"href":"https:\/\/diarioregionaldigital.com.br\/index.php?rest_route=\/wp\/v2\/users\/96"}],"replies":[{"embeddable":true,"href":"https:\/\/diarioregionaldigital.com.br\/index.php?rest_route=%2Fwp%2Fv2%2Fcomments&post=111758"}],"version-history":[{"count":0,"href":"https:\/\/diarioregionaldigital.com.br\/index.php?rest_route=\/wp\/v2\/posts\/111758\/revisions"}],"wp:featuredmedia":[{"embeddable":true,"href":"https:\/\/diarioregionaldigital.com.br\/index.php?rest_route=\/wp\/v2\/media\/111760"}],"wp:attachment":[{"href":"https:\/\/diarioregionaldigital.com.br\/index.php?rest_route=%2Fwp%2Fv2%2Fmedia&parent=111758"}],"wp:term":[{"taxonomy":"category","embeddable":true,"href":"https:\/\/diarioregionaldigital.com.br\/index.php?rest_route=%2Fwp%2Fv2%2Fcategories&post=111758"},{"taxonomy":"post_tag","embeddable":true,"href":"https:\/\/diarioregionaldigital.com.br\/index.php?rest_route=%2Fwp%2Fv2%2Ftags&post=111758"}],"curies":[{"name":"wp","href":"https:\/\/api.w.org\/{rel}","templated":true}]}}