{"id":111755,"date":"2018-07-17T14:12:52","date_gmt":"2018-07-17T17:12:52","guid":{"rendered":"http:\/\/diarioregionaljf.com.br\/?p=111755"},"modified":"2018-07-17T14:12:52","modified_gmt":"2018-07-17T17:12:52","slug":"ailton-ferraz-volta-para-assumir-o-tupi","status":"publish","type":"post","link":"https:\/\/diarioregionaldigital.com.br\/?p=111755","title":{"rendered":"Ailton Ferraz volta para assumir o Tupi"},"content":{"rendered":"<p>No s\u00e1bado, 14,\u00a0o Tupi teve a sua quarta derrota seguida na S\u00e9rie C. Perdendo para o Botafogo-SP, em Ribeir\u00e3o Preto, com o placar de 4 a 2.<\/p>\n<p>No dia seguinte, o an\u00fancio da sa\u00edda do t\u00e9cnico carij\u00f3, Eug\u00eanio Souza, \u00a0e a volta de Ailton para tentar livrar o Tupi da zona de rebaixamento nos \u00faltimos quatro jogos.<\/p>\n<p>Mais do que a boa campanha no ano passado pelo Alvinegro e a identifica\u00e7\u00e3o com os carij\u00f3s, A\u00edlton tem um bom desempenho como treinador nas duas \u00faltimas temporadas.<\/p>\n<p>O Tupi tem 12 pontos em disputa na S\u00e9rie C. O clube enfrenta Luverdense no Mato Grosso, Joinville e Volta Redonda em Juiz de Fora, e Ypiranga-RS no Rio Grande do Sul. Todos s\u00e3o advers\u00e1rios diretos, o que faz com que o Tupi s\u00f3 dependa dele mesmo para escapar do rebaixamento para a S\u00e9rie D.<\/p>\n","protected":false},"excerpt":{"rendered":"<p>No s\u00e1bado, 14,\u00a0o Tupi teve a sua quarta derrota seguida na S\u00e9rie C. Perdendo para o Botafogo-SP, em Ribeir\u00e3o Preto, com o placar de 4 a 2. No dia seguinte, o an\u00fancio da sa\u00edda do t\u00e9cnico carij\u00f3, Eug\u00eanio Souza, \u00a0e a volta de Ailton para tentar livrar o Tupi da zona de rebaixamento nos \u00faltimos [&hellip;]<\/p>\n","protected":false},"author":96,"featured_media":111756,"comment_status":"closed","ping_status":"closed","sticky":false,"template":"","format":"standard","meta":{"footnotes":""},"categories":[257,439],"tags":[],"class_list":["post-111755","post","type-post","status-publish","format-standard","has-post-thumbnail","hentry","category-esporte","category-ultima-hora"],"_links":{"self":[{"href":"https:\/\/diarioregionaldigital.com.br\/index.php?rest_route=\/wp\/v2\/posts\/111755","targetHints":{"allow":["GET"]}}],"collection":[{"href":"https:\/\/diarioregionaldigital.com.br\/index.php?rest_route=\/wp\/v2\/posts"}],"about":[{"href":"https:\/\/diarioregionaldigital.com.br\/index.php?rest_route=\/wp\/v2\/types\/post"}],"author":[{"embeddable":true,"href":"https:\/\/diarioregionaldigital.com.br\/index.php?rest_route=\/wp\/v2\/users\/96"}],"replies":[{"embeddable":true,"href":"https:\/\/diarioregionaldigital.com.br\/index.php?rest_route=%2Fwp%2Fv2%2Fcomments&post=111755"}],"version-history":[{"count":0,"href":"https:\/\/diarioregionaldigital.com.br\/index.php?rest_route=\/wp\/v2\/posts\/111755\/revisions"}],"wp:featuredmedia":[{"embeddable":true,"href":"https:\/\/diarioregionaldigital.com.br\/index.php?rest_route=\/wp\/v2\/media\/111756"}],"wp:attachment":[{"href":"https:\/\/diarioregionaldigital.com.br\/index.php?rest_route=%2Fwp%2Fv2%2Fmedia&parent=111755"}],"wp:term":[{"taxonomy":"category","embeddable":true,"href":"https:\/\/diarioregionaldigital.com.br\/index.php?rest_route=%2Fwp%2Fv2%2Fcategories&post=111755"},{"taxonomy":"post_tag","embeddable":true,"href":"https:\/\/diarioregionaldigital.com.br\/index.php?rest_route=%2Fwp%2Fv2%2Ftags&post=111755"}],"curies":[{"name":"wp","href":"https:\/\/api.w.org\/{rel}","templated":true}]}}