{"id":111751,"date":"2018-07-17T14:09:27","date_gmt":"2018-07-17T17:09:27","guid":{"rendered":"http:\/\/diarioregionaljf.com.br\/?p=111751"},"modified":"2018-07-17T14:09:27","modified_gmt":"2018-07-17T17:09:27","slug":"brasileirao-esta-de-volta-flamengo-e-sao-paulo-fazem-o-jogo-desta-quarta-feira","status":"publish","type":"post","link":"https:\/\/diarioregionaldigital.com.br\/?p=111751","title":{"rendered":"Brasileir\u00e3o est\u00e1 de volta: Flamengo e S\u00e3o Paulo fazem o jogo desta quarta-feira"},"content":{"rendered":"<p>A Copa do Mundo j\u00e1 acabou e agora \u00e9 hora de pensar nos campeonatos nacionais e continentais. E o Flamengo j\u00e1 tem uma grande dor de cabe\u00e7a para o jogo contra o S\u00e3o Paulo, no Maracan\u00e3, nesta quarta-feira, 18.<\/p>\n<p>O t\u00e9cnico Maur\u00edcio Barbieri ter\u00e1 muitos desfalques para o cl\u00e1ssico regional.\u00a0Felipe Vizeu, Jonas e Vinicius Junior foram vendidos durante a Copa do Mundo. J\u00e1 Henrique Dourado e Cu\u00e9llar foram expulsos na confus\u00e3o generalizada contra o Palmeiras e cumprir\u00e3o suspens\u00e3o autom\u00e1tica. Ou seja, ser\u00e3o cinco aus\u00eancias.<\/p>\n<p>O v\u00ednculo do jogador com o Rubro-Negro se encerra no dia 10 de agosto. Ainda que as partes n\u00e3o tenham falado abertamente sobre o assunto, o caminho mais vi\u00e1vel \u00e9 o t\u00e9rmino da passagem do craque. \u00c9 importante ressaltar que o futuro do peruano est\u00e1 incerto tamb\u00e9m por n\u00e3o saber se ter\u00e1 que cumprir a pena de oito meses pelo caso do doping.<\/p>\n","protected":false},"excerpt":{"rendered":"<p>A Copa do Mundo j\u00e1 acabou e agora \u00e9 hora de pensar nos campeonatos nacionais e continentais. E o Flamengo j\u00e1 tem uma grande dor de cabe\u00e7a para o jogo contra o S\u00e3o Paulo, no Maracan\u00e3, nesta quarta-feira, 18. O t\u00e9cnico Maur\u00edcio Barbieri ter\u00e1 muitos desfalques para o cl\u00e1ssico regional.\u00a0Felipe Vizeu, Jonas e Vinicius Junior [&hellip;]<\/p>\n","protected":false},"author":96,"featured_media":111753,"comment_status":"closed","ping_status":"closed","sticky":false,"template":"","format":"standard","meta":{"footnotes":""},"categories":[257,439],"tags":[],"class_list":["post-111751","post","type-post","status-publish","format-standard","has-post-thumbnail","hentry","category-esporte","category-ultima-hora"],"_links":{"self":[{"href":"https:\/\/diarioregionaldigital.com.br\/index.php?rest_route=\/wp\/v2\/posts\/111751","targetHints":{"allow":["GET"]}}],"collection":[{"href":"https:\/\/diarioregionaldigital.com.br\/index.php?rest_route=\/wp\/v2\/posts"}],"about":[{"href":"https:\/\/diarioregionaldigital.com.br\/index.php?rest_route=\/wp\/v2\/types\/post"}],"author":[{"embeddable":true,"href":"https:\/\/diarioregionaldigital.com.br\/index.php?rest_route=\/wp\/v2\/users\/96"}],"replies":[{"embeddable":true,"href":"https:\/\/diarioregionaldigital.com.br\/index.php?rest_route=%2Fwp%2Fv2%2Fcomments&post=111751"}],"version-history":[{"count":0,"href":"https:\/\/diarioregionaldigital.com.br\/index.php?rest_route=\/wp\/v2\/posts\/111751\/revisions"}],"wp:featuredmedia":[{"embeddable":true,"href":"https:\/\/diarioregionaldigital.com.br\/index.php?rest_route=\/wp\/v2\/media\/111753"}],"wp:attachment":[{"href":"https:\/\/diarioregionaldigital.com.br\/index.php?rest_route=%2Fwp%2Fv2%2Fmedia&parent=111751"}],"wp:term":[{"taxonomy":"category","embeddable":true,"href":"https:\/\/diarioregionaldigital.com.br\/index.php?rest_route=%2Fwp%2Fv2%2Fcategories&post=111751"},{"taxonomy":"post_tag","embeddable":true,"href":"https:\/\/diarioregionaldigital.com.br\/index.php?rest_route=%2Fwp%2Fv2%2Ftags&post=111751"}],"curies":[{"name":"wp","href":"https:\/\/api.w.org\/{rel}","templated":true}]}}