{"id":111745,"date":"2018-07-17T13:41:09","date_gmt":"2018-07-17T16:41:09","guid":{"rendered":"http:\/\/diarioregionaljf.com.br\/?p=111745"},"modified":"2018-07-17T13:44:30","modified_gmt":"2018-07-17T16:44:30","slug":"ufjf-divulga-o-segundo-edital-de-reclassificacao-do-sisu-nesta-quarta-feira","status":"publish","type":"post","link":"https:\/\/diarioregionaldigital.com.br\/?p=111745","title":{"rendered":"UFJF divulga o segundo edital de reclassifica\u00e7\u00e3o do Sisu nesta quarta-feira"},"content":{"rendered":"<p>Nesta quarta-feira, 18, ser\u00e1 publicado o segundo edital de reclassifica\u00e7\u00e3o do Sistema de Sele\u00e7\u00e3o Unificada (Sisu) para o segundo semestre de 2018. A divulga\u00e7\u00e3o ser\u00e1 feita no site da Coordenadoria de Assuntos e Registros Acad\u00eamicos (Cdara). Os candidatos selecionados devem se atentar aos prazos para a pr\u00e9-matr\u00edcula on-line e a matr\u00edcula presencial, ambas obrigat\u00f3rias para o ingresso na Universidade Federal de Juiz de Fora (UFJF).<\/p>\n<p>O edital ser\u00e1 divulgado \u00e0s 12h desta quarta-feira, quando tamb\u00e9m se inicia o prazo para pr\u00e9-matr\u00edcula on-line dos aprovados, que vai at\u00e9 as 23h59 de sexta-feira, 20. Feito isso, \u00e9 necess\u00e1rio checar as orienta\u00e7\u00f5es para a matr\u00edcula presencial e a <span style=\"color: #0000ff;\"><a style=\"color: #0000ff;\" href=\"http:\/\/www.ufjf.br\/cdara\/sisu-2\/sisu-2018-2a-edicao\/documentacao-datas-e-horarios\/\" target=\"_blank\" rel=\"noopener\">rela\u00e7\u00e3o de documentos exigida<\/a><\/span>, conforme o grupo de concorr\u00eancia. As matr\u00edculas presenciais ocorrem nos dias 26 e 27 de julho, de acordo com o curso do candidato. Confira aqui a <span style=\"color: #0000ff;\"><a style=\"color: #0000ff;\" href=\"http:\/\/www.ufjf.br\/cdara\/files\/2018\/01\/ORIENTA%C3%87%C3%95ES-COMPLEMENTARES-PARA-MATR%C3%8DCULA-SiSU-26-e-27-JULHO-1NOVO.pdf\" target=\"_blank\" rel=\"noopener\">rela\u00e7\u00e3o de hor\u00e1rios<\/a>.<\/span><\/p>\n<p>O terceiro e o quarto edital de reclassifica\u00e7\u00e3o do Sisu 2018 est\u00e3o previstos para serem divulgados, respectivamente, nos dias 25 de julho e 1\u00ba de agosto.<\/p>\n<p>&nbsp;<\/p>\n<p>Fonte: Assessoria UFJF<\/p>\n","protected":false},"excerpt":{"rendered":"<p>Nesta quarta-feira, 18, ser\u00e1 publicado o segundo edital de reclassifica\u00e7\u00e3o do Sistema de Sele\u00e7\u00e3o Unificada (Sisu) para o segundo semestre de 2018. A divulga\u00e7\u00e3o ser\u00e1 feita no site da Coordenadoria de Assuntos e Registros Acad\u00eamicos (Cdara). Os candidatos selecionados devem se atentar aos prazos para a pr\u00e9-matr\u00edcula on-line e a matr\u00edcula presencial, ambas obrigat\u00f3rias para [&hellip;]<\/p>\n","protected":false},"author":96,"featured_media":111749,"comment_status":"closed","ping_status":"closed","sticky":false,"template":"","format":"standard","meta":{"footnotes":""},"categories":[253,440,439],"tags":[],"class_list":["post-111745","post","type-post","status-publish","format-standard","has-post-thumbnail","hentry","category-cidade","category-destaques-do-dia","category-ultima-hora"],"_links":{"self":[{"href":"https:\/\/diarioregionaldigital.com.br\/index.php?rest_route=\/wp\/v2\/posts\/111745","targetHints":{"allow":["GET"]}}],"collection":[{"href":"https:\/\/diarioregionaldigital.com.br\/index.php?rest_route=\/wp\/v2\/posts"}],"about":[{"href":"https:\/\/diarioregionaldigital.com.br\/index.php?rest_route=\/wp\/v2\/types\/post"}],"author":[{"embeddable":true,"href":"https:\/\/diarioregionaldigital.com.br\/index.php?rest_route=\/wp\/v2\/users\/96"}],"replies":[{"embeddable":true,"href":"https:\/\/diarioregionaldigital.com.br\/index.php?rest_route=%2Fwp%2Fv2%2Fcomments&post=111745"}],"version-history":[{"count":0,"href":"https:\/\/diarioregionaldigital.com.br\/index.php?rest_route=\/wp\/v2\/posts\/111745\/revisions"}],"wp:featuredmedia":[{"embeddable":true,"href":"https:\/\/diarioregionaldigital.com.br\/index.php?rest_route=\/wp\/v2\/media\/111749"}],"wp:attachment":[{"href":"https:\/\/diarioregionaldigital.com.br\/index.php?rest_route=%2Fwp%2Fv2%2Fmedia&parent=111745"}],"wp:term":[{"taxonomy":"category","embeddable":true,"href":"https:\/\/diarioregionaldigital.com.br\/index.php?rest_route=%2Fwp%2Fv2%2Fcategories&post=111745"},{"taxonomy":"post_tag","embeddable":true,"href":"https:\/\/diarioregionaldigital.com.br\/index.php?rest_route=%2Fwp%2Fv2%2Ftags&post=111745"}],"curies":[{"name":"wp","href":"https:\/\/api.w.org\/{rel}","templated":true}]}}