{"id":111742,"date":"2018-07-17T13:27:43","date_gmt":"2018-07-17T16:27:43","guid":{"rendered":"http:\/\/diarioregionaljf.com.br\/?p=111742"},"modified":"2018-07-17T13:27:43","modified_gmt":"2018-07-17T16:27:43","slug":"lojistas-terao-ate-dois-dias-para-receber-valores-de-vendas-a-credito","status":"publish","type":"post","link":"https:\/\/diarioregionaldigital.com.br\/?p=111742","title":{"rendered":"Lojistas ter\u00e3o at\u00e9 dois dias para receber valores de vendas a cr\u00e9dito"},"content":{"rendered":"<p>Lojistas e prestadores de servi\u00e7o ter\u00e3o o prazo m\u00e1ximo de dois dias \u00fateis para receber os valores das vendas realizadas por meio de cart\u00e3o de cr\u00e9dito. \u00c9 o que estabelece o Projeto de Lei do Senado (PLS) 344\/2018, a ser analisado em decis\u00e3o terminativa na Comiss\u00e3o de Assuntos Econ\u00f4micos (CAE).<\/p>\n<p>Atualmente, o comerciante tem de esperar trinta dias para receber das credenciadoras o valor correspondente \u00e0s vendas feitas com cart\u00e3o de cr\u00e9dito.<\/p>\n<p>O PLS 344\/2018 projeto estabelece que a maneira como ser\u00e1 feito o pagamento dever\u00e1 ser objeto de regulamenta\u00e7\u00e3o pelo \u00f3rg\u00e3o regulador. Para que possa haver transi\u00e7\u00e3o segura de um modelo para outro, a norma dever\u00e1 entrar em vigor somente um ano ap\u00f3s sua publica\u00e7\u00e3o.<\/p>\n<p>O projeto insere o artigo 7\u00ba-A na Lei 12.865\/2013. O texto em an\u00e1lise prev\u00ea que \u201co instituidor de arranjos de pagamento e a institui\u00e7\u00e3o de pagamento dever\u00e3o transferir para o estabelecimento comercial ou para o prestador de servi\u00e7os o valor da venda com cart\u00f5es de cr\u00e9dito em at\u00e9 dois dias \u00fateis ap\u00f3s a venda, com os descontos devidos, nos termos do regulamento.\u201d<\/p>\n<p>A proposi\u00e7\u00e3o \u00e9 de autoria do senador Ata\u00eddes Oliveira (PSDB-TO), que presidiu a Comiss\u00e3o Parlamentar de Inqu\u00e9rito (CPI) dos Cart\u00f5es de Cr\u00e9dito, instalada em abril de 2018 para investigar os altos juros cobrados pelas empresas operadoras de cart\u00e3o de cr\u00e9dito. A comiss\u00e3o encontra-se em atividade at\u00e9 outubro.<\/p>\n<p>\u201cNas audi\u00eancias da CPI, ficou claro que temos um modelo \u00fanico no mundo. Em todos os pa\u00edses, o estabelecimento comercial recebe o valor de suas vendas em um ou dois dias. O l\u00f3gico seria que tamb\u00e9m tiv\u00e9ssemos esse prazo de um ou dois dias para pagamento ao lojista. O motivo \u00e9 simples: o consumidor demora, em m\u00e9dia, em torno de 25 dias entre a compra do bem e o pagamento da fatura. Ou seja, \u00e9 como se ele recebesse um empr\u00e9stimo sem juros, pelo prazo de 25 dias. E quem financia esse empr\u00e9stimo? No Brasil, \u00e9 o lojista, o que n\u00e3o faz o menor sentido\u201d, defende Ata\u00eddes na justificativa do projeto.<\/p>\n<p>&nbsp;<\/p>\n<p>Fonte: Ag\u00eancia Senado<\/p>\n","protected":false},"excerpt":{"rendered":"<p>Lojistas e prestadores de servi\u00e7o ter\u00e3o o prazo m\u00e1ximo de dois dias \u00fateis para receber os valores das vendas realizadas por meio de cart\u00e3o de cr\u00e9dito. \u00c9 o que estabelece o Projeto de Lei do Senado (PLS) 344\/2018, a ser analisado em decis\u00e3o terminativa na Comiss\u00e3o de Assuntos Econ\u00f4micos (CAE). Atualmente, o comerciante tem de [&hellip;]<\/p>\n","protected":false},"author":96,"featured_media":111743,"comment_status":"closed","ping_status":"closed","sticky":false,"template":"","format":"standard","meta":{"footnotes":""},"categories":[436,254,439],"tags":[],"class_list":["post-111742","post","type-post","status-publish","format-standard","has-post-thumbnail","hentry","category-destaque-da-semana","category-politica","category-ultima-hora"],"_links":{"self":[{"href":"https:\/\/diarioregionaldigital.com.br\/index.php?rest_route=\/wp\/v2\/posts\/111742","targetHints":{"allow":["GET"]}}],"collection":[{"href":"https:\/\/diarioregionaldigital.com.br\/index.php?rest_route=\/wp\/v2\/posts"}],"about":[{"href":"https:\/\/diarioregionaldigital.com.br\/index.php?rest_route=\/wp\/v2\/types\/post"}],"author":[{"embeddable":true,"href":"https:\/\/diarioregionaldigital.com.br\/index.php?rest_route=\/wp\/v2\/users\/96"}],"replies":[{"embeddable":true,"href":"https:\/\/diarioregionaldigital.com.br\/index.php?rest_route=%2Fwp%2Fv2%2Fcomments&post=111742"}],"version-history":[{"count":0,"href":"https:\/\/diarioregionaldigital.com.br\/index.php?rest_route=\/wp\/v2\/posts\/111742\/revisions"}],"wp:featuredmedia":[{"embeddable":true,"href":"https:\/\/diarioregionaldigital.com.br\/index.php?rest_route=\/wp\/v2\/media\/111743"}],"wp:attachment":[{"href":"https:\/\/diarioregionaldigital.com.br\/index.php?rest_route=%2Fwp%2Fv2%2Fmedia&parent=111742"}],"wp:term":[{"taxonomy":"category","embeddable":true,"href":"https:\/\/diarioregionaldigital.com.br\/index.php?rest_route=%2Fwp%2Fv2%2Fcategories&post=111742"},{"taxonomy":"post_tag","embeddable":true,"href":"https:\/\/diarioregionaldigital.com.br\/index.php?rest_route=%2Fwp%2Fv2%2Ftags&post=111742"}],"curies":[{"name":"wp","href":"https:\/\/api.w.org\/{rel}","templated":true}]}}