{"id":111733,"date":"2018-07-17T12:28:39","date_gmt":"2018-07-17T15:28:39","guid":{"rendered":"http:\/\/diarioregionaljf.com.br\/?p=111733"},"modified":"2018-07-17T12:29:13","modified_gmt":"2018-07-17T15:29:13","slug":"carmen-lucia-assume-interinamente-a-presidencia-da-republica","status":"publish","type":"post","link":"https:\/\/diarioregionaldigital.com.br\/?p=111733","title":{"rendered":"C\u00e1rmen L\u00facia assume interinamente a Presid\u00eancia da Rep\u00fablica"},"content":{"rendered":"<p>A presidente do Supremo Tribunal Federal (STF), ministra C\u00e1rmen L\u00facia, assumiu interinamente a Presid\u00eancia da Rep\u00fablica no in\u00edcio da manh\u00e3 de hoje, 17. Antes de embarcar para Cabo Verde, na \u00c1frica Ocidental, o presidente Michel Temer transmitiu o cargo a C\u00e1rmen L\u00facia na Base A\u00e9rea de Bras\u00edlia.<\/p>\n<p>Esta \u00e9 a terceira vez que C\u00e1rmen L\u00facia assume o cargo nesse per\u00edodo pr\u00e9-eleitoral. A agenda da presidente interina para o dia de hoje ainda n\u00e3o foi divulgada.<\/p>\n<p>C\u00e1rmen L\u00facia \u00e9 a terceira na linha sucess\u00f3ria para assumir interinamente a Presid\u00eancia da Rep\u00fablica. Como o cargo de vice-presidente est\u00e1 vago, a primeira pessoa da linha sucess\u00f3ria \u00e9 o presidente da C\u00e2mara dos Deputados, Rodrigo Maia (DEM-RJ), e o segundo, o do Senado, Eun\u00edcio Oliveira (PMDB-CE).<\/p>\n<p>Uma vez que a legisla\u00e7\u00e3o eleitoral impede a candidatura de ocupantes de cargos no Executivo nos seis meses que antecedem as elei\u00e7\u00f5es, os presidentes da C\u00e2mara e do Senado tamb\u00e9m viajaram para fora do Brasil. Rodrigo Maia cumpre agenda no Chile e Eun\u00edcio Oliveira, nos Estados Unidos.<\/p>\n<p>&nbsp;<\/p>\n<p><span style=\"font-size: 12pt;\"><strong>TEMER EM CABO VERDE<\/strong><\/span><\/p>\n<p>Na Ilha do Sal, em Cabo Verde, Temer participa da 12\u00aa Confer\u00eancia de Chefes de Estado e de Governo da Comunidade dos Pa\u00edses de L\u00edngua Portuguesa (CPLP). A previs\u00e3o \u00e9 que o presidente retorne ao Brasil amanh\u00e3, 18.<\/p>\n<p>Na confer\u00eancia, o Brasil transmitir\u00e1 a presid\u00eancia da comunidade para Cabo Verde. O comando da CPLP \u00e9 rotativo. Criada em 1996, a comunidade \u00e9 integrada por nove pa\u00edses: Brasil, Angola, Cabo Verde, Guin\u00e9-Bissau, Guin\u00e9 Equatorial, Mo\u00e7ambique, Portugal, S\u00e3o Tom\u00e9 e Pr\u00edncipe e Timor-Leste.<\/p>\n<p>&nbsp;<\/p>\n<p><strong>Fonte: Ag\u00eancia Brasil<\/strong><\/p>\n","protected":false},"excerpt":{"rendered":"<p>A presidente do Supremo Tribunal Federal (STF), ministra C\u00e1rmen L\u00facia, assumiu interinamente a Presid\u00eancia da Rep\u00fablica no in\u00edcio da manh\u00e3 de hoje, 17. Antes de embarcar para Cabo Verde, na \u00c1frica Ocidental, o presidente Michel Temer transmitiu o cargo a C\u00e1rmen L\u00facia na Base A\u00e9rea de Bras\u00edlia. Esta \u00e9 a terceira vez que C\u00e1rmen L\u00facia [&hellip;]<\/p>\n","protected":false},"author":96,"featured_media":111734,"comment_status":"closed","ping_status":"closed","sticky":false,"template":"","format":"standard","meta":{"footnotes":""},"categories":[254,439],"tags":[],"class_list":["post-111733","post","type-post","status-publish","format-standard","has-post-thumbnail","hentry","category-politica","category-ultima-hora"],"_links":{"self":[{"href":"https:\/\/diarioregionaldigital.com.br\/index.php?rest_route=\/wp\/v2\/posts\/111733","targetHints":{"allow":["GET"]}}],"collection":[{"href":"https:\/\/diarioregionaldigital.com.br\/index.php?rest_route=\/wp\/v2\/posts"}],"about":[{"href":"https:\/\/diarioregionaldigital.com.br\/index.php?rest_route=\/wp\/v2\/types\/post"}],"author":[{"embeddable":true,"href":"https:\/\/diarioregionaldigital.com.br\/index.php?rest_route=\/wp\/v2\/users\/96"}],"replies":[{"embeddable":true,"href":"https:\/\/diarioregionaldigital.com.br\/index.php?rest_route=%2Fwp%2Fv2%2Fcomments&post=111733"}],"version-history":[{"count":0,"href":"https:\/\/diarioregionaldigital.com.br\/index.php?rest_route=\/wp\/v2\/posts\/111733\/revisions"}],"wp:featuredmedia":[{"embeddable":true,"href":"https:\/\/diarioregionaldigital.com.br\/index.php?rest_route=\/wp\/v2\/media\/111734"}],"wp:attachment":[{"href":"https:\/\/diarioregionaldigital.com.br\/index.php?rest_route=%2Fwp%2Fv2%2Fmedia&parent=111733"}],"wp:term":[{"taxonomy":"category","embeddable":true,"href":"https:\/\/diarioregionaldigital.com.br\/index.php?rest_route=%2Fwp%2Fv2%2Fcategories&post=111733"},{"taxonomy":"post_tag","embeddable":true,"href":"https:\/\/diarioregionaldigital.com.br\/index.php?rest_route=%2Fwp%2Fv2%2Ftags&post=111733"}],"curies":[{"name":"wp","href":"https:\/\/api.w.org\/{rel}","templated":true}]}}