{"id":111730,"date":"2018-07-17T10:09:02","date_gmt":"2018-07-17T13:09:02","guid":{"rendered":"http:\/\/diarioregionaljf.com.br\/?p=111730"},"modified":"2018-07-17T10:09:31","modified_gmt":"2018-07-17T13:09:31","slug":"pm-apreende-39-buchas-de-maconha-e-detem-jovem-por-trafico-em-muriae","status":"publish","type":"post","link":"https:\/\/diarioregionaldigital.com.br\/?p=111730","title":{"rendered":"PM apreende 39 buchas de maconha e det\u00e9m jovem por tr\u00e1fico em Muria\u00e9"},"content":{"rendered":"<p>Um jovem de 21 anos foi preso por tr\u00e1fico de drogas no bairro Aeroporto, em Muria\u00e9 (a cerca de 158Km de JF), na tarde dessa segunda-feira, 16. Com ele foram apreendidas 39 buchas de maconha.<\/p>\n<p>De acordo com informa\u00e7\u00f5es da Pol\u00edcia Militar (PM), uma equipe fazia patrulhamento pelo bairro quando avistou o autor, que, ao notar a presen\u00e7a da guarni\u00e7\u00e3o, tentou fugir pela travessa Santos Dumont. O jovem foi alcan\u00e7ado e detido pelos militares.<\/p>\n<p>Al\u00e9m da droga, os policiais apreenderam R$10, uma balan\u00e7a de precis\u00e3o e materiais para embalar os entorpecentes. O rapaz foi preso e conduzido para delegacia.<\/p>\n<p>&nbsp;<\/p>\n<p>Da reda\u00e7\u00e3o\/Com informa\u00e7\u00f5es da Assessoria<\/p>\n","protected":false},"excerpt":{"rendered":"<p>Um jovem de 21 anos foi preso por tr\u00e1fico de drogas no bairro Aeroporto, em Muria\u00e9 (a cerca de 158Km de JF), na tarde dessa segunda-feira, 16. Com ele foram apreendidas 39 buchas de maconha. De acordo com informa\u00e7\u00f5es da Pol\u00edcia Militar (PM), uma equipe fazia patrulhamento pelo bairro quando avistou o autor, que, ao [&hellip;]<\/p>\n","protected":false},"author":96,"featured_media":111731,"comment_status":"closed","ping_status":"closed","sticky":false,"template":"","format":"standard","meta":{"footnotes":""},"categories":[252,439],"tags":[],"class_list":["post-111730","post","type-post","status-publish","format-standard","has-post-thumbnail","hentry","category-regiao","category-ultima-hora"],"_links":{"self":[{"href":"https:\/\/diarioregionaldigital.com.br\/index.php?rest_route=\/wp\/v2\/posts\/111730","targetHints":{"allow":["GET"]}}],"collection":[{"href":"https:\/\/diarioregionaldigital.com.br\/index.php?rest_route=\/wp\/v2\/posts"}],"about":[{"href":"https:\/\/diarioregionaldigital.com.br\/index.php?rest_route=\/wp\/v2\/types\/post"}],"author":[{"embeddable":true,"href":"https:\/\/diarioregionaldigital.com.br\/index.php?rest_route=\/wp\/v2\/users\/96"}],"replies":[{"embeddable":true,"href":"https:\/\/diarioregionaldigital.com.br\/index.php?rest_route=%2Fwp%2Fv2%2Fcomments&post=111730"}],"version-history":[{"count":0,"href":"https:\/\/diarioregionaldigital.com.br\/index.php?rest_route=\/wp\/v2\/posts\/111730\/revisions"}],"wp:featuredmedia":[{"embeddable":true,"href":"https:\/\/diarioregionaldigital.com.br\/index.php?rest_route=\/wp\/v2\/media\/111731"}],"wp:attachment":[{"href":"https:\/\/diarioregionaldigital.com.br\/index.php?rest_route=%2Fwp%2Fv2%2Fmedia&parent=111730"}],"wp:term":[{"taxonomy":"category","embeddable":true,"href":"https:\/\/diarioregionaldigital.com.br\/index.php?rest_route=%2Fwp%2Fv2%2Fcategories&post=111730"},{"taxonomy":"post_tag","embeddable":true,"href":"https:\/\/diarioregionaldigital.com.br\/index.php?rest_route=%2Fwp%2Fv2%2Ftags&post=111730"}],"curies":[{"name":"wp","href":"https:\/\/api.w.org\/{rel}","templated":true}]}}