{"id":111727,"date":"2018-07-17T09:53:35","date_gmt":"2018-07-17T12:53:35","guid":{"rendered":"http:\/\/diarioregionaljf.com.br\/?p=111727"},"modified":"2018-07-17T09:53:50","modified_gmt":"2018-07-17T12:53:50","slug":"casa-dos-conselhos-abre-inscricoes-para-o-conselhar","status":"publish","type":"post","link":"https:\/\/diarioregionaldigital.com.br\/?p=111727","title":{"rendered":"Casa dos Conselhos abre inscri\u00e7\u00f5es para o \u201cConselhar\u201d"},"content":{"rendered":"<p>Est\u00e3o abertas at\u00e9 dia 20 as inscri\u00e7\u00f5es para o \u201cConselhar\u201d, projeto de capacita\u00e7\u00e3o continuada promovido pela Casa dos Conselhos, da Secretaria de Governo (SG) da Prefeitura de Juiz de Fora (PJF). Os conselheiros poder\u00e3o se inscrever at\u00e9 sexta-feira, 20, atrav\u00e9s do link ou pessoalmente, na pr\u00f3pria Casa, na Rua Halfeld, n\u00ba 450, 7\u00b0andar. A partir do dia 23, as inscri\u00e7\u00f5es estar\u00e3o abertas ao p\u00fablico em geral.<\/p>\n<p>O projeto tem a proposta de possibilitar o avan\u00e7o nas pr\u00e1ticas potencialmente democr\u00e1ticas e a participa\u00e7\u00e3o ativa nas decis\u00f5es de interesse da popula\u00e7\u00e3o. Desenvolvida como forma\u00e7\u00e3o complementar de car\u00e1ter permanente, o \u201cConselhar\u201d \u00e9 fundamentado na convic\u00e7\u00e3o de que atua\u00e7\u00e3o dos conselhos \u00e9 a pr\u00f3pria fonte de conhecimento acumulado, conjugado \u00e0 experi\u00eancia pr\u00e1tica e te\u00f3rica, sendo espa\u00e7o vivo, plural e democr\u00e1tico de di\u00e1logo com a realidade.<\/p>\n<p>Em agosto ser\u00e3o realizados cinco encontros, com palestras, rodas de conversa e oficinas. Ser\u00e3o abordados temas como democracia, cidadania, controle social, comunica\u00e7\u00e3o, administra\u00e7\u00e3o p\u00fablica e legisla\u00e7\u00e3o. O primeiro encontro ocorrer\u00e1 no dia 2, com palestra ministrada pelo prefeito Ant\u00f4nio Almas, que falar\u00e1 sobre o controle social na perspectiva do Poder Executivo e a import\u00e2ncia dos conselhos de Direito. Tamb\u00e9m ser\u00e1 feita roda de conversa, sobre democracia e cidadania. Os encontros acontecer\u00e3o sempre \u00e0s 14h30, na Casa dos Conselhos.<\/p>\n<p>&nbsp;<\/p>\n<p>Fonte: Assessoria<\/p>\n","protected":false},"excerpt":{"rendered":"<p>Est\u00e3o abertas at\u00e9 dia 20 as inscri\u00e7\u00f5es para o \u201cConselhar\u201d, projeto de capacita\u00e7\u00e3o continuada promovido pela Casa dos Conselhos, da Secretaria de Governo (SG) da Prefeitura de Juiz de Fora (PJF). Os conselheiros poder\u00e3o se inscrever at\u00e9 sexta-feira, 20, atrav\u00e9s do link ou pessoalmente, na pr\u00f3pria Casa, na Rua Halfeld, n\u00ba 450, 7\u00b0andar. A partir [&hellip;]<\/p>\n","protected":false},"author":96,"featured_media":111728,"comment_status":"closed","ping_status":"closed","sticky":false,"template":"","format":"standard","meta":{"footnotes":""},"categories":[253,436],"tags":[],"class_list":["post-111727","post","type-post","status-publish","format-standard","has-post-thumbnail","hentry","category-cidade","category-destaque-da-semana"],"_links":{"self":[{"href":"https:\/\/diarioregionaldigital.com.br\/index.php?rest_route=\/wp\/v2\/posts\/111727","targetHints":{"allow":["GET"]}}],"collection":[{"href":"https:\/\/diarioregionaldigital.com.br\/index.php?rest_route=\/wp\/v2\/posts"}],"about":[{"href":"https:\/\/diarioregionaldigital.com.br\/index.php?rest_route=\/wp\/v2\/types\/post"}],"author":[{"embeddable":true,"href":"https:\/\/diarioregionaldigital.com.br\/index.php?rest_route=\/wp\/v2\/users\/96"}],"replies":[{"embeddable":true,"href":"https:\/\/diarioregionaldigital.com.br\/index.php?rest_route=%2Fwp%2Fv2%2Fcomments&post=111727"}],"version-history":[{"count":0,"href":"https:\/\/diarioregionaldigital.com.br\/index.php?rest_route=\/wp\/v2\/posts\/111727\/revisions"}],"wp:featuredmedia":[{"embeddable":true,"href":"https:\/\/diarioregionaldigital.com.br\/index.php?rest_route=\/wp\/v2\/media\/111728"}],"wp:attachment":[{"href":"https:\/\/diarioregionaldigital.com.br\/index.php?rest_route=%2Fwp%2Fv2%2Fmedia&parent=111727"}],"wp:term":[{"taxonomy":"category","embeddable":true,"href":"https:\/\/diarioregionaldigital.com.br\/index.php?rest_route=%2Fwp%2Fv2%2Fcategories&post=111727"},{"taxonomy":"post_tag","embeddable":true,"href":"https:\/\/diarioregionaldigital.com.br\/index.php?rest_route=%2Fwp%2Fv2%2Ftags&post=111727"}],"curies":[{"name":"wp","href":"https:\/\/api.w.org\/{rel}","templated":true}]}}