{"id":111725,"date":"2018-07-17T09:43:15","date_gmt":"2018-07-17T12:43:15","guid":{"rendered":"http:\/\/diarioregionaljf.com.br\/?p=111725"},"modified":"2018-07-17T09:43:32","modified_gmt":"2018-07-17T12:43:32","slug":"homens-recebem-75-das-indenizacoes-do-dpvat","status":"publish","type":"post","link":"https:\/\/diarioregionaldigital.com.br\/?p=111725","title":{"rendered":"Homens recebem 75% das indeniza\u00e7\u00f5es do DPVAT"},"content":{"rendered":"<p>De janeiro a maio deste ano, foram pagas 148.164 indeniza\u00e7\u00f5es por acidente de tr\u00e2nsito no Brasil. Desse total, 111.123 das v\u00edtimas foram homens, conforme levantamento da Seguradora L\u00edder, respons\u00e1vel pela administra\u00e7\u00e3o do Seguro de Danos Pessoais Causados por Ve\u00edculos Automotores de Via Terrestre (DPVAT).<\/p>\n<p>De acordo com os n\u00fameros do Seguro DPVAT, 75% das indeniza\u00e7\u00f5es pagas por acidentes de tr\u00e2nsito v\u00e3o para v\u00edtimas do sexo masculino.<\/p>\n<p>No ano passado, foram cerca de 384 mil indeniza\u00e7\u00f5es pagas pelo DPVAT, das quais a maior parte foi para homens na faixa et\u00e1ria de 18 a 34 anos. Em 2017, 42% das indeniza\u00e7\u00f5es foram para motoristas homens, contra 7% para mulheres.<\/p>\n<p>Menos de 25% das indeniza\u00e7\u00f5es v\u00e3o para mulheres. Para o superintendente de Opera\u00e7\u00f5es da Seguradora L\u00edder, Arthur Fr\u00f3es, o dado mostra que elas s\u00e3o mais cuidadosas ao volante. \u201cEmbora tenham 34% da representatividade nas habilita\u00e7\u00f5es, nos acidentes elas representam muito menos\u201d.<\/p>\n<p>&nbsp;<\/p>\n<p><span style=\"font-size: 12pt;\"><strong>MOTOS<\/strong><\/span><\/p>\n<p>A maior parte dos acidentes com morte ou que causam invalidez ocorre com motocicletas. Conforme os dados, 80% das indeniza\u00e7\u00f5es por morte em acidentes com motos e 79% por invalidez permanente foram para homens, no ano passado.<\/p>\n<p>\u201cEsses homens est\u00e3o incorrendo em uma invalidez permanente, que vai incapacitar muitas vezes para o trabalho que a pessoa exercia ou para outras atividades. Vai restringir muito a atividade profissional da pessoa ou at\u00e9 impossibilit\u00e1-la de trabalhar\u201d, disse Fr\u00f3es.<\/p>\n<p>Fr\u00f3es destacou a necessidade de campanhas de conscientiza\u00e7\u00e3o voltadas para os homens e investimentos em sinaliza\u00e7\u00e3o de tr\u00e2nsito e fiscaliza\u00e7\u00e3o.<\/p>\n<p>&nbsp;<\/p>\n<p><strong>Fonte: Ag\u00eancia Brasil<\/strong><\/p>\n","protected":false},"excerpt":{"rendered":"<p>De janeiro a maio deste ano, foram pagas 148.164 indeniza\u00e7\u00f5es por acidente de tr\u00e2nsito no Brasil. Desse total, 111.123 das v\u00edtimas foram homens, conforme levantamento da Seguradora L\u00edder, respons\u00e1vel pela administra\u00e7\u00e3o do Seguro de Danos Pessoais Causados por Ve\u00edculos Automotores de Via Terrestre (DPVAT). De acordo com os n\u00fameros do Seguro DPVAT, 75% das indeniza\u00e7\u00f5es [&hellip;]<\/p>\n","protected":false},"author":96,"featured_media":97709,"comment_status":"closed","ping_status":"closed","sticky":false,"template":"","format":"standard","meta":{"footnotes":""},"categories":[302,436],"tags":[],"class_list":["post-111725","post","type-post","status-publish","format-standard","has-post-thumbnail","hentry","category-brasil-mundo","category-destaque-da-semana"],"_links":{"self":[{"href":"https:\/\/diarioregionaldigital.com.br\/index.php?rest_route=\/wp\/v2\/posts\/111725","targetHints":{"allow":["GET"]}}],"collection":[{"href":"https:\/\/diarioregionaldigital.com.br\/index.php?rest_route=\/wp\/v2\/posts"}],"about":[{"href":"https:\/\/diarioregionaldigital.com.br\/index.php?rest_route=\/wp\/v2\/types\/post"}],"author":[{"embeddable":true,"href":"https:\/\/diarioregionaldigital.com.br\/index.php?rest_route=\/wp\/v2\/users\/96"}],"replies":[{"embeddable":true,"href":"https:\/\/diarioregionaldigital.com.br\/index.php?rest_route=%2Fwp%2Fv2%2Fcomments&post=111725"}],"version-history":[{"count":0,"href":"https:\/\/diarioregionaldigital.com.br\/index.php?rest_route=\/wp\/v2\/posts\/111725\/revisions"}],"wp:featuredmedia":[{"embeddable":true,"href":"https:\/\/diarioregionaldigital.com.br\/index.php?rest_route=\/wp\/v2\/media\/97709"}],"wp:attachment":[{"href":"https:\/\/diarioregionaldigital.com.br\/index.php?rest_route=%2Fwp%2Fv2%2Fmedia&parent=111725"}],"wp:term":[{"taxonomy":"category","embeddable":true,"href":"https:\/\/diarioregionaldigital.com.br\/index.php?rest_route=%2Fwp%2Fv2%2Fcategories&post=111725"},{"taxonomy":"post_tag","embeddable":true,"href":"https:\/\/diarioregionaldigital.com.br\/index.php?rest_route=%2Fwp%2Fv2%2Ftags&post=111725"}],"curies":[{"name":"wp","href":"https:\/\/api.w.org\/{rel}","templated":true}]}}