{"id":111722,"date":"2018-07-17T09:24:21","date_gmt":"2018-07-17T12:24:21","guid":{"rendered":"http:\/\/diarioregionaljf.com.br\/?p=111722"},"modified":"2018-07-17T09:24:59","modified_gmt":"2018-07-17T12:24:59","slug":"prazo-para-requerer-voto-em-transito-comeca-nesta-terca-feira","status":"publish","type":"post","link":"https:\/\/diarioregionaldigital.com.br\/?p=111722","title":{"rendered":"Prazo para requerer voto em tr\u00e2nsito come\u00e7a nesta ter\u00e7a-feira"},"content":{"rendered":"<p>A partir desta ter\u00e7a-feira, 17, at\u00e9 o dia at\u00e9 23 de agosto, o eleitor poder\u00e1 habilitar-se perante a Justi\u00e7a Eleitoral para votar em tr\u00e2nsito (fora do seu domic\u00edlio eleitoral) nas Elei\u00e7\u00f5es 2018. O voto em tr\u00e2nsito pode ocorrer no primeiro, no segundo ou em ambos os turnos, mas somente em capitais e munic\u00edpios com mais de 100 mil eleitores.<\/p>\n<p>Segundo a legisla\u00e7\u00e3o, para votar em tr\u00e2nsito, o eleitor dever\u00e1 comparecer em qualquer cart\u00f3rio eleitoral e solicitar sua habilita\u00e7\u00e3o. Basta apresentar um documento oficial com foto e indicar o local em que pretende exercer seu direito de voto. Apenas os cidad\u00e3os que estiverem com situa\u00e7\u00e3o regular no Cadastro Eleitoral poder\u00e3o votar em tr\u00e2nsito.<\/p>\n<p>Os eleitores que se encontrarem fora da unidade da Federa\u00e7\u00e3o de seu domic\u00edlio eleitoral poder\u00e3o votar em tr\u00e2nsito apenas na elei\u00e7\u00e3o para presidente da Rep\u00fablica. J\u00e1 aqueles que estiverem em tr\u00e2nsito dentro da unidade da Federa\u00e7\u00e3o, por\u00e9m em munic\u00edpio diverso de seu domic\u00edlio eleitoral, poder\u00e3o votar para presidente, governador, senador, deputado federal e deputado estadual.<\/p>\n<p>O voto em tr\u00e2nsito n\u00e3o \u00e9 permitido em urnas instaladas em outros pa\u00edses. Entretanto, eleitores com t\u00edtulo eleitoral cadastrado no exterior, e que estiverem em tr\u00e2nsito no territ\u00f3rio brasileiro, poder\u00e3o votar na elei\u00e7\u00e3o para presidente da Rep\u00fablica.<\/p>\n<p>Caso o eleitor habilitado para votar em tr\u00e2nsito n\u00e3o compare\u00e7a \u00e0 se\u00e7\u00e3o, ele dever\u00e1 justificar sua aus\u00eancia, inclusive se estiver em seu domic\u00edlio eleitoral de origem no dia da elei\u00e7\u00e3o. A justificativa de aus\u00eancia nos dias de vota\u00e7\u00e3o n\u00e3o poder\u00e1 ser feita no munic\u00edpio por ele indicado para o exerc\u00edcio do voto.<\/p>\n<p>O voto em tr\u00e2nsito est\u00e1 previsto na Lei n\u00ba 4.737\/1965 (C\u00f3digo Eleitoral), na Resolu\u00e7\u00e3o do Tribunal Superior Eleitoral n\u00ba 23.554\/2017 e no Calend\u00e1rio Eleitoral 2018.<\/p>\n<p>&nbsp;<\/p>\n<p><span style=\"font-size: 12pt;\"><strong>LOCAIS DE VOTA\u00c7\u00c3O EM TR\u00c2NSITO<\/strong><\/span><\/p>\n<p>De acordo com a Resolu\u00e7\u00e3o-TSE n\u00ba 23.554\/2017, cabe aos Tribunais Regionais Eleitorais (TREs) divulgar em seus sites, at\u00e9 o dia 17 de julho, onde haver\u00e1 voto em tr\u00e2nsito. Os locais poder\u00e3o ser atualizados at\u00e9 o dia 23 de agosto.<\/p>\n<p>As se\u00e7\u00f5es eleitorais destinadas \u00e0 recep\u00e7\u00e3o do voto em tr\u00e2nsito dever\u00e3o conter no m\u00ednimo 50 e no m\u00e1ximo 400 eleitores. Se o n\u00famero de eleitores n\u00e3o atingir o m\u00ednimo previsto, o TRE agregar\u00e1 a se\u00e7\u00e3o eleitoral a outra mais pr\u00f3xima, visando garantir o exerc\u00edcio do voto.<\/p>\n<p>&nbsp;<\/p>\n<p><span style=\"font-size: 12pt;\"><strong>TRANSFER\u00caNCIA TEMPOR\u00c1RIA DE ELEITORES<\/strong><\/span><\/p>\n<p>A transfer\u00eancia tempor\u00e1ria para outra se\u00e7\u00e3o eleitoral \u00e9 facultada ainda aos presos provis\u00f3rios e adolescentes que cumprem medida socioeducativa em unidades de interna\u00e7\u00e3o, bem como aos eleitores com defici\u00eancia ou mobilidade reduzida. O mesmo vale para os integrantes das For\u00e7as Armadas, Pol\u00edcia Federal, Pol\u00edcia Rodovi\u00e1ria Federal, Pol\u00edcia Ferrovi\u00e1ria Federal, pol\u00edcias civis, pol\u00edcias militares, corpos de bombeiros militares e guardas municipais que estiverem em servi\u00e7o por ocasi\u00e3o das elei\u00e7\u00f5es.<\/p>\n<p>Esses eleitores tamb\u00e9m devem requerer a habilita\u00e7\u00e3o para votar em outra se\u00e7\u00e3o eleitoral no per\u00edodo de 17 de julho a 23 de agosto. Encerradas as elei\u00e7\u00f5es, as inscri\u00e7\u00f5es dos eleitores que se transferiram temporariamente para outros locais de vota\u00e7\u00e3o retornam automaticamente para as se\u00e7\u00f5es eleitorais de origem.<\/p>\n<p>&nbsp;<\/p>\n<p>Fonte: TSE<\/p>\n","protected":false},"excerpt":{"rendered":"<p>A partir desta ter\u00e7a-feira, 17, at\u00e9 o dia at\u00e9 23 de agosto, o eleitor poder\u00e1 habilitar-se perante a Justi\u00e7a Eleitoral para votar em tr\u00e2nsito (fora do seu domic\u00edlio eleitoral) nas Elei\u00e7\u00f5es 2018. O voto em tr\u00e2nsito pode ocorrer no primeiro, no segundo ou em ambos os turnos, mas somente em capitais e munic\u00edpios com mais [&hellip;]<\/p>\n","protected":false},"author":96,"featured_media":111723,"comment_status":"closed","ping_status":"closed","sticky":false,"template":"","format":"standard","meta":{"footnotes":""},"categories":[436,254],"tags":[],"class_list":["post-111722","post","type-post","status-publish","format-standard","has-post-thumbnail","hentry","category-destaque-da-semana","category-politica"],"_links":{"self":[{"href":"https:\/\/diarioregionaldigital.com.br\/index.php?rest_route=\/wp\/v2\/posts\/111722","targetHints":{"allow":["GET"]}}],"collection":[{"href":"https:\/\/diarioregionaldigital.com.br\/index.php?rest_route=\/wp\/v2\/posts"}],"about":[{"href":"https:\/\/diarioregionaldigital.com.br\/index.php?rest_route=\/wp\/v2\/types\/post"}],"author":[{"embeddable":true,"href":"https:\/\/diarioregionaldigital.com.br\/index.php?rest_route=\/wp\/v2\/users\/96"}],"replies":[{"embeddable":true,"href":"https:\/\/diarioregionaldigital.com.br\/index.php?rest_route=%2Fwp%2Fv2%2Fcomments&post=111722"}],"version-history":[{"count":0,"href":"https:\/\/diarioregionaldigital.com.br\/index.php?rest_route=\/wp\/v2\/posts\/111722\/revisions"}],"wp:featuredmedia":[{"embeddable":true,"href":"https:\/\/diarioregionaldigital.com.br\/index.php?rest_route=\/wp\/v2\/media\/111723"}],"wp:attachment":[{"href":"https:\/\/diarioregionaldigital.com.br\/index.php?rest_route=%2Fwp%2Fv2%2Fmedia&parent=111722"}],"wp:term":[{"taxonomy":"category","embeddable":true,"href":"https:\/\/diarioregionaldigital.com.br\/index.php?rest_route=%2Fwp%2Fv2%2Fcategories&post=111722"},{"taxonomy":"post_tag","embeddable":true,"href":"https:\/\/diarioregionaldigital.com.br\/index.php?rest_route=%2Fwp%2Fv2%2Ftags&post=111722"}],"curies":[{"name":"wp","href":"https:\/\/api.w.org\/{rel}","templated":true}]}}