{"id":111720,"date":"2018-07-17T09:02:26","date_gmt":"2018-07-17T12:02:26","guid":{"rendered":"http:\/\/diarioregionaljf.com.br\/?p=111720"},"modified":"2018-07-17T09:02:43","modified_gmt":"2018-07-17T12:02:43","slug":"jovem-e-preso-apos-tentativa-de-roubo-a-padaria-no-bonfim","status":"publish","type":"post","link":"https:\/\/diarioregionaldigital.com.br\/?p=111720","title":{"rendered":"Jovem \u00e9 preso ap\u00f3s tentativa de roubo \u00e0 padaria no Bonfim"},"content":{"rendered":"<p>Um jovem de 24 anos foi detido pela Pol\u00edcia Militar (PM) ap\u00f3s tentativa de roubo \u00e0 uma padaria na Rua Bar\u00e3o do Retiro, bairro Bonfim, Zona Leste de JF, na manh\u00e3 dessa segunda-feira, 16.<\/p>\n<p>De acordo com informa\u00e7\u00f5es da corpora\u00e7\u00e3o, uma equipe patrulhava pelo local quando se deparou com o autor em atitude suspeita. Ap\u00f3s abordagem ao rapaz, os militares teriam sido informados pela propriet\u00e1ria da padaria de que, momentos antes, o mesmo, armado com uma faca, teria tentado roubar o estabelecimento.<\/p>\n<p>Com o autor foi encontrada uma faca de aproximadamente 20 cent\u00edmetros. O jovem foi preso em flagrante e encaminhado \u00e0 presen\u00e7a da autoridade de pol\u00edcia judici\u00e1ria para demais provid\u00eancias.<\/p>\n","protected":false},"excerpt":{"rendered":"<p>Um jovem de 24 anos foi detido pela Pol\u00edcia Militar (PM) ap\u00f3s tentativa de roubo \u00e0 uma padaria na Rua Bar\u00e3o do Retiro, bairro Bonfim, Zona Leste de JF, na manh\u00e3 dessa segunda-feira, 16. De acordo com informa\u00e7\u00f5es da corpora\u00e7\u00e3o, uma equipe patrulhava pelo local quando se deparou com o autor em atitude suspeita. Ap\u00f3s [&hellip;]<\/p>\n","protected":false},"author":96,"featured_media":95836,"comment_status":"closed","ping_status":"closed","sticky":false,"template":"","format":"standard","meta":{"footnotes":""},"categories":[301,439],"tags":[],"class_list":["post-111720","post","type-post","status-publish","format-standard","has-post-thumbnail","hentry","category-artigos-policiais","category-ultima-hora"],"_links":{"self":[{"href":"https:\/\/diarioregionaldigital.com.br\/index.php?rest_route=\/wp\/v2\/posts\/111720","targetHints":{"allow":["GET"]}}],"collection":[{"href":"https:\/\/diarioregionaldigital.com.br\/index.php?rest_route=\/wp\/v2\/posts"}],"about":[{"href":"https:\/\/diarioregionaldigital.com.br\/index.php?rest_route=\/wp\/v2\/types\/post"}],"author":[{"embeddable":true,"href":"https:\/\/diarioregionaldigital.com.br\/index.php?rest_route=\/wp\/v2\/users\/96"}],"replies":[{"embeddable":true,"href":"https:\/\/diarioregionaldigital.com.br\/index.php?rest_route=%2Fwp%2Fv2%2Fcomments&post=111720"}],"version-history":[{"count":0,"href":"https:\/\/diarioregionaldigital.com.br\/index.php?rest_route=\/wp\/v2\/posts\/111720\/revisions"}],"wp:featuredmedia":[{"embeddable":true,"href":"https:\/\/diarioregionaldigital.com.br\/index.php?rest_route=\/wp\/v2\/media\/95836"}],"wp:attachment":[{"href":"https:\/\/diarioregionaldigital.com.br\/index.php?rest_route=%2Fwp%2Fv2%2Fmedia&parent=111720"}],"wp:term":[{"taxonomy":"category","embeddable":true,"href":"https:\/\/diarioregionaldigital.com.br\/index.php?rest_route=%2Fwp%2Fv2%2Fcategories&post=111720"},{"taxonomy":"post_tag","embeddable":true,"href":"https:\/\/diarioregionaldigital.com.br\/index.php?rest_route=%2Fwp%2Fv2%2Ftags&post=111720"}],"curies":[{"name":"wp","href":"https:\/\/api.w.org\/{rel}","templated":true}]}}