{"id":111714,"date":"2018-07-17T08:27:43","date_gmt":"2018-07-17T11:27:43","guid":{"rendered":"http:\/\/diarioregionaljf.com.br\/?p=111714"},"modified":"2018-07-17T08:28:14","modified_gmt":"2018-07-17T11:28:14","slug":"empresaria-alega-prejuizo-de-mais-de-r23-mil-em-mercadorias-consignadas","status":"publish","type":"post","link":"https:\/\/diarioregionaldigital.com.br\/?p=111714","title":{"rendered":"Empres\u00e1ria alega preju\u00edzo de mais de R$23 mil em mercadorias consignadas"},"content":{"rendered":"<p>Uma jovem de 29 anos, propriet\u00e1ria de um escrit\u00f3rio de semijoias no Centro de Juiz de Fora, registrou ocorr\u00eancia na Pol\u00edcia Militar (PM) alegando preju\u00edzo de mais de R$23 mil em mercadorias pegas em consigna\u00e7\u00e3o.<\/p>\n<p>Segundo a v\u00edtima, oito revendedores, com idades entre 20 e 46 anos, teriam pego diversos produtos com ela e n\u00e3o teriam retornado para prestar contas. Segundo a empres\u00e1ria, o preju\u00edzo com as semijoias consignadas chega a R$23.196,23.<\/p>\n<p>A v\u00edtima foi orientada sobre as demais provid\u00eancias a serem tomadas.<\/p>\n","protected":false},"excerpt":{"rendered":"<p>Uma jovem de 29 anos, propriet\u00e1ria de um escrit\u00f3rio de semijoias no Centro de Juiz de Fora, registrou ocorr\u00eancia na Pol\u00edcia Militar (PM) alegando preju\u00edzo de mais de R$23 mil em mercadorias pegas em consigna\u00e7\u00e3o. Segundo a v\u00edtima, oito revendedores, com idades entre 20 e 46 anos, teriam pego diversos produtos com ela e n\u00e3o [&hellip;]<\/p>\n","protected":false},"author":96,"featured_media":95836,"comment_status":"closed","ping_status":"closed","sticky":false,"template":"","format":"standard","meta":{"footnotes":""},"categories":[301,439],"tags":[],"class_list":["post-111714","post","type-post","status-publish","format-standard","has-post-thumbnail","hentry","category-artigos-policiais","category-ultima-hora"],"_links":{"self":[{"href":"https:\/\/diarioregionaldigital.com.br\/index.php?rest_route=\/wp\/v2\/posts\/111714","targetHints":{"allow":["GET"]}}],"collection":[{"href":"https:\/\/diarioregionaldigital.com.br\/index.php?rest_route=\/wp\/v2\/posts"}],"about":[{"href":"https:\/\/diarioregionaldigital.com.br\/index.php?rest_route=\/wp\/v2\/types\/post"}],"author":[{"embeddable":true,"href":"https:\/\/diarioregionaldigital.com.br\/index.php?rest_route=\/wp\/v2\/users\/96"}],"replies":[{"embeddable":true,"href":"https:\/\/diarioregionaldigital.com.br\/index.php?rest_route=%2Fwp%2Fv2%2Fcomments&post=111714"}],"version-history":[{"count":0,"href":"https:\/\/diarioregionaldigital.com.br\/index.php?rest_route=\/wp\/v2\/posts\/111714\/revisions"}],"wp:featuredmedia":[{"embeddable":true,"href":"https:\/\/diarioregionaldigital.com.br\/index.php?rest_route=\/wp\/v2\/media\/95836"}],"wp:attachment":[{"href":"https:\/\/diarioregionaldigital.com.br\/index.php?rest_route=%2Fwp%2Fv2%2Fmedia&parent=111714"}],"wp:term":[{"taxonomy":"category","embeddable":true,"href":"https:\/\/diarioregionaldigital.com.br\/index.php?rest_route=%2Fwp%2Fv2%2Fcategories&post=111714"},{"taxonomy":"post_tag","embeddable":true,"href":"https:\/\/diarioregionaldigital.com.br\/index.php?rest_route=%2Fwp%2Fv2%2Ftags&post=111714"}],"curies":[{"name":"wp","href":"https:\/\/api.w.org\/{rel}","templated":true}]}}