{"id":111710,"date":"2018-07-17T08:14:14","date_gmt":"2018-07-17T11:14:14","guid":{"rendered":"http:\/\/diarioregionaljf.com.br\/?p=111710"},"modified":"2018-07-17T08:33:34","modified_gmt":"2018-07-17T11:33:34","slug":"adolescentes-sao-apreendidos-com-arma-no-sao-sebastiao","status":"publish","type":"post","link":"https:\/\/diarioregionaldigital.com.br\/?p=111710","title":{"rendered":"Adolescentes s\u00e3o apreendidos com arma no S\u00e3o Sebasti\u00e3o"},"content":{"rendered":"<p>Dois adolescentes, de 14 e 16 anos, foram detidos pela Pol\u00edcia Militar (PM) ap\u00f3s uma garrucha municiada ser apreendida com um deles no bairro S\u00e3o Sebasti\u00e3o, Zona Leste, na noite dessa segunda-feira, 16.<\/p>\n<p>De acordo com o registro da ocorr\u00eancia, uma equipe da PM se deslocou at\u00e9 a Rua Jorge Raimundo ap\u00f3s receber informa\u00e7\u00f5es de que dois suspeitos estariam nas imedia\u00e7\u00f5es com o intuito de praticar roubos.<\/p>\n<p>Na tentativa de fugir da abordagem policial, os menores entraram em \u00f4nibus do transporte coletivo. Os militares abordaram o ve\u00edculo e localizaram os suspeitos nos \u00faltimos bancos. Ap\u00f3s busca pessoal,\u00a0 foi apreendida com um deles uma garrucha calibre 22 municiada com dois cartuchos.<\/p>\n<p>Os menores foram detidos e encaminhados \u00e0 delegacia junto com o material apreendido.<\/p>\n","protected":false},"excerpt":{"rendered":"<p>Dois adolescentes, de 14 e 16 anos, foram detidos pela Pol\u00edcia Militar (PM) ap\u00f3s uma garrucha municiada ser apreendida com um deles no bairro S\u00e3o Sebasti\u00e3o, Zona Leste, na noite dessa segunda-feira, 16. De acordo com o registro da ocorr\u00eancia, uma equipe da PM se deslocou at\u00e9 a Rua Jorge Raimundo ap\u00f3s receber informa\u00e7\u00f5es de [&hellip;]<\/p>\n","protected":false},"author":96,"featured_media":95836,"comment_status":"closed","ping_status":"closed","sticky":false,"template":"","format":"standard","meta":{"footnotes":""},"categories":[301,439],"tags":[],"class_list":["post-111710","post","type-post","status-publish","format-standard","has-post-thumbnail","hentry","category-artigos-policiais","category-ultima-hora"],"_links":{"self":[{"href":"https:\/\/diarioregionaldigital.com.br\/index.php?rest_route=\/wp\/v2\/posts\/111710","targetHints":{"allow":["GET"]}}],"collection":[{"href":"https:\/\/diarioregionaldigital.com.br\/index.php?rest_route=\/wp\/v2\/posts"}],"about":[{"href":"https:\/\/diarioregionaldigital.com.br\/index.php?rest_route=\/wp\/v2\/types\/post"}],"author":[{"embeddable":true,"href":"https:\/\/diarioregionaldigital.com.br\/index.php?rest_route=\/wp\/v2\/users\/96"}],"replies":[{"embeddable":true,"href":"https:\/\/diarioregionaldigital.com.br\/index.php?rest_route=%2Fwp%2Fv2%2Fcomments&post=111710"}],"version-history":[{"count":0,"href":"https:\/\/diarioregionaldigital.com.br\/index.php?rest_route=\/wp\/v2\/posts\/111710\/revisions"}],"wp:featuredmedia":[{"embeddable":true,"href":"https:\/\/diarioregionaldigital.com.br\/index.php?rest_route=\/wp\/v2\/media\/95836"}],"wp:attachment":[{"href":"https:\/\/diarioregionaldigital.com.br\/index.php?rest_route=%2Fwp%2Fv2%2Fmedia&parent=111710"}],"wp:term":[{"taxonomy":"category","embeddable":true,"href":"https:\/\/diarioregionaldigital.com.br\/index.php?rest_route=%2Fwp%2Fv2%2Fcategories&post=111710"},{"taxonomy":"post_tag","embeddable":true,"href":"https:\/\/diarioregionaldigital.com.br\/index.php?rest_route=%2Fwp%2Fv2%2Ftags&post=111710"}],"curies":[{"name":"wp","href":"https:\/\/api.w.org\/{rel}","templated":true}]}}