{"id":111636,"date":"2018-07-16T15:45:49","date_gmt":"2018-07-16T18:45:49","guid":{"rendered":"http:\/\/diarioregionaljf.com.br\/?p=111636"},"modified":"2018-07-16T15:45:49","modified_gmt":"2018-07-16T18:45:49","slug":"lei-que-fortalece-acoes-de-estimulo-a-leitura-e-escrita-e-sancionada","status":"publish","type":"post","link":"https:\/\/diarioregionaldigital.com.br\/?p=111636","title":{"rendered":"Lei que fortalece a\u00e7\u00f5es de est\u00edmulo \u00e0 leitura e escrita \u00e9 sancionada"},"content":{"rendered":"<p>Foi publicada no Di\u00e1rio Oficial da Uni\u00e3o (DOU) da \u00faltima sexta-feira, 13, a Lei 13.696, que institui a Pol\u00edtica Nacional de Leitura e Escrita. A pol\u00edtica ter\u00e1 como diretrizes a universaliza\u00e7\u00e3o do direito ao acesso ao livro, \u00e0 leitura, \u00e0 escrita, \u00e0 literatura e \u00e0s bibliotecas. Segundo o texto, a implanta\u00e7\u00e3o fica a cargo da Uni\u00e3o em coopera\u00e7\u00e3o com os estados, o Distrito Federal e os munic\u00edpios e com a participa\u00e7\u00e3o da sociedade civil e de institui\u00e7\u00f5es privadas.<\/p>\n<p>A lei tem origem no Projeto de Lei (PLS) 2012\/2016, de autoria da senadora F\u00e1tima Bezerra (PT-RN). A parlamentar defende a leitura como chave mestra para a mobilidade social e o desenvolvimento pleno.<\/p>\n<p>\u201cCom leitura s\u00e3o formados cidad\u00e3os mais cr\u00edticos, aut\u00f4nomos e mais bem qualificados; s\u00e3o constru\u00eddas organiza\u00e7\u00f5es e institui\u00e7\u00f5es \u2014 p\u00fablicas ou privadas e do terceiro setor \u2014 mais eficientes, eficazes, inovadoras e respons\u00e1veis\u201d, afirma F\u00e1tima na justificativa do projeto.<\/p>\n<p>&nbsp;<\/p>\n<p><strong>DETERMINA\u00c7\u00d5ES<\/strong><\/p>\n<p>Entre as diretrizes dessa pol\u00edtica, est\u00e1 a promo\u00e7\u00e3o do Sistema Nacional de Bibliotecas P\u00fablicas (SNBP). Tamb\u00e9m \u00e9 citada a democratiza\u00e7\u00e3o do acesso ao livro e aos diversos suportes de leitura como forma de ampliar os acervos editoriais, entre outros pontos.<\/p>\n<p>A medida ainda busca incentivar a cria\u00e7\u00e3o de planos estaduais e municipais do livro e da leitura e a expans\u00e3o de a\u00e7\u00f5es para desenvolver compet\u00eancias de produ\u00e7\u00e3o e interpreta\u00e7\u00e3o de textos.<\/p>\n<p>Pelo documento, o plano deve ser elaborado nos seis primeiros meses de mandato do chefe do Poder Executivo, com vig\u00eancia para os dez anos seguintes. Ele ser\u00e1 elaborado em conjunto pelos Minist\u00e9rios da Cultura e da Educa\u00e7\u00e3o; representantes de secretarias estaduais, distritais e municipais da \u00e1rea, da sociedade civil e do setor privado. A medida entra em vigor a partir da publica\u00e7\u00e3o no DOU.<\/p>\n<p>&nbsp;<\/p>\n<p>Fonte: Ag\u00eancia Senado\/Assessoria<\/p>\n","protected":false},"excerpt":{"rendered":"<p>Foi publicada no Di\u00e1rio Oficial da Uni\u00e3o (DOU) da \u00faltima sexta-feira, 13, a Lei 13.696, que institui a Pol\u00edtica Nacional de Leitura e Escrita. A pol\u00edtica ter\u00e1 como diretrizes a universaliza\u00e7\u00e3o do direito ao acesso ao livro, \u00e0 leitura, \u00e0 escrita, \u00e0 literatura e \u00e0s bibliotecas. Segundo o texto, a implanta\u00e7\u00e3o fica a cargo da [&hellip;]<\/p>\n","protected":false},"author":96,"featured_media":111640,"comment_status":"closed","ping_status":"closed","sticky":false,"template":"","format":"standard","meta":{"footnotes":""},"categories":[254,439],"tags":[],"class_list":["post-111636","post","type-post","status-publish","format-standard","has-post-thumbnail","hentry","category-politica","category-ultima-hora"],"_links":{"self":[{"href":"https:\/\/diarioregionaldigital.com.br\/index.php?rest_route=\/wp\/v2\/posts\/111636","targetHints":{"allow":["GET"]}}],"collection":[{"href":"https:\/\/diarioregionaldigital.com.br\/index.php?rest_route=\/wp\/v2\/posts"}],"about":[{"href":"https:\/\/diarioregionaldigital.com.br\/index.php?rest_route=\/wp\/v2\/types\/post"}],"author":[{"embeddable":true,"href":"https:\/\/diarioregionaldigital.com.br\/index.php?rest_route=\/wp\/v2\/users\/96"}],"replies":[{"embeddable":true,"href":"https:\/\/diarioregionaldigital.com.br\/index.php?rest_route=%2Fwp%2Fv2%2Fcomments&post=111636"}],"version-history":[{"count":0,"href":"https:\/\/diarioregionaldigital.com.br\/index.php?rest_route=\/wp\/v2\/posts\/111636\/revisions"}],"wp:featuredmedia":[{"embeddable":true,"href":"https:\/\/diarioregionaldigital.com.br\/index.php?rest_route=\/wp\/v2\/media\/111640"}],"wp:attachment":[{"href":"https:\/\/diarioregionaldigital.com.br\/index.php?rest_route=%2Fwp%2Fv2%2Fmedia&parent=111636"}],"wp:term":[{"taxonomy":"category","embeddable":true,"href":"https:\/\/diarioregionaldigital.com.br\/index.php?rest_route=%2Fwp%2Fv2%2Fcategories&post=111636"},{"taxonomy":"post_tag","embeddable":true,"href":"https:\/\/diarioregionaldigital.com.br\/index.php?rest_route=%2Fwp%2Fv2%2Ftags&post=111636"}],"curies":[{"name":"wp","href":"https:\/\/api.w.org\/{rel}","templated":true}]}}