{"id":111622,"date":"2018-07-16T15:15:28","date_gmt":"2018-07-16T18:15:28","guid":{"rendered":"http:\/\/diarioregionaljf.com.br\/?p=111622"},"modified":"2018-07-16T15:15:28","modified_gmt":"2018-07-16T18:15:28","slug":"inscricoes-para-premio-amigo-do-patrimonioentram-na-reta-final","status":"publish","type":"post","link":"https:\/\/diarioregionaldigital.com.br\/?p=111622","title":{"rendered":"Inscri\u00e7\u00f5es para \u00b4Pr\u00eamio Amigo do Patrim\u00f4nio`entram na reta final"},"content":{"rendered":"<p>A Divis\u00e3o de Patrim\u00f4nio Cultural (Dipac), da Funda\u00e7\u00e3o Cultural \u00b4Alfredo Ferreira Lage` (Funalfa), receber\u00e1 at\u00e9 segunda-feira, 23, as propostas para a 13\u00aa edi\u00e7\u00e3o do \u00b4Pr\u00eamio Amigo do Patrim\u00f4nio`. Ser\u00e3o reconhecidas iniciativas de pessoas f\u00edsicas e jur\u00eddicas, de direito p\u00fablico ou privado, que tenham praticado a\u00e7\u00f5es para conserva\u00e7\u00e3o, preserva\u00e7\u00e3o, defesa ou divulga\u00e7\u00e3o do patrim\u00f4nio cultural da cidade, al\u00e9m de atitudes que visem a difus\u00e3o de conceitos que auxiliem a compreens\u00e3o do tema.<\/p>\n<p>As inscri\u00e7\u00f5es podem ser feitas na sede da Funalfa, na Av. Bar\u00e3o do Rio Branco, 2.234, Parque Halfeld, Centro, das 8 \u00e0s 12 horas e 14 \u00e0s 18 horas, de segunda a sexta-feira. No momento da inscri\u00e7\u00e3o, os interessados dever\u00e3o preencher ficha com o nome proposto, endere\u00e7o e telefone, a descri\u00e7\u00e3o da a\u00e7\u00e3o e a justificativa para o merecimento do pr\u00eamio, al\u00e9m de, se poss\u00edvel, anexar \u00e0 ficha fotos e documentos relacionados \u00e0 indica\u00e7\u00e3o.<\/p>\n<p>Podem concorrer iniciativas reconhecidas e indicadas pela comunidade, institui\u00e7\u00f5es e entidades civis e a\u00e7\u00f5es que, mesmo desconhecidas do grande p\u00fablico, configurem-se como atitudes, gestos e interven\u00e7\u00f5es que propiciam novo olhar sobre o patrim\u00f4nio, ampliando o conceito de pertencimento, cidadania e respeito. As indica\u00e7\u00f5es ser\u00e3o avaliadas por comiss\u00e3o indicada pelos membros do Conselho Municipal de Preserva\u00e7\u00e3o do Patrim\u00f4nio Cultural (Comppac). A cerim\u00f4nia de entrega do pr\u00eamio acontecer\u00e1 em 17 de agosto, quando se comemora o \u00b4Dia Nacional do Patrim\u00f4nio Hist\u00f3rico`.<\/p>\n<p>&nbsp;<\/p>\n<p>Fonte: Assessoria PJF<\/p>\n","protected":false},"excerpt":{"rendered":"<p>A Divis\u00e3o de Patrim\u00f4nio Cultural (Dipac), da Funda\u00e7\u00e3o Cultural \u00b4Alfredo Ferreira Lage` (Funalfa), receber\u00e1 at\u00e9 segunda-feira, 23, as propostas para a 13\u00aa edi\u00e7\u00e3o do \u00b4Pr\u00eamio Amigo do Patrim\u00f4nio`. Ser\u00e3o reconhecidas iniciativas de pessoas f\u00edsicas e jur\u00eddicas, de direito p\u00fablico ou privado, que tenham praticado a\u00e7\u00f5es para conserva\u00e7\u00e3o, preserva\u00e7\u00e3o, defesa ou divulga\u00e7\u00e3o do patrim\u00f4nio cultural da [&hellip;]<\/p>\n","protected":false},"author":96,"featured_media":105098,"comment_status":"closed","ping_status":"closed","sticky":false,"template":"","format":"standard","meta":{"footnotes":""},"categories":[253,439],"tags":[],"class_list":["post-111622","post","type-post","status-publish","format-standard","has-post-thumbnail","hentry","category-cidade","category-ultima-hora"],"_links":{"self":[{"href":"https:\/\/diarioregionaldigital.com.br\/index.php?rest_route=\/wp\/v2\/posts\/111622","targetHints":{"allow":["GET"]}}],"collection":[{"href":"https:\/\/diarioregionaldigital.com.br\/index.php?rest_route=\/wp\/v2\/posts"}],"about":[{"href":"https:\/\/diarioregionaldigital.com.br\/index.php?rest_route=\/wp\/v2\/types\/post"}],"author":[{"embeddable":true,"href":"https:\/\/diarioregionaldigital.com.br\/index.php?rest_route=\/wp\/v2\/users\/96"}],"replies":[{"embeddable":true,"href":"https:\/\/diarioregionaldigital.com.br\/index.php?rest_route=%2Fwp%2Fv2%2Fcomments&post=111622"}],"version-history":[{"count":0,"href":"https:\/\/diarioregionaldigital.com.br\/index.php?rest_route=\/wp\/v2\/posts\/111622\/revisions"}],"wp:featuredmedia":[{"embeddable":true,"href":"https:\/\/diarioregionaldigital.com.br\/index.php?rest_route=\/wp\/v2\/media\/105098"}],"wp:attachment":[{"href":"https:\/\/diarioregionaldigital.com.br\/index.php?rest_route=%2Fwp%2Fv2%2Fmedia&parent=111622"}],"wp:term":[{"taxonomy":"category","embeddable":true,"href":"https:\/\/diarioregionaldigital.com.br\/index.php?rest_route=%2Fwp%2Fv2%2Fcategories&post=111622"},{"taxonomy":"post_tag","embeddable":true,"href":"https:\/\/diarioregionaldigital.com.br\/index.php?rest_route=%2Fwp%2Fv2%2Ftags&post=111622"}],"curies":[{"name":"wp","href":"https:\/\/api.w.org\/{rel}","templated":true}]}}