{"id":111530,"date":"2018-07-13T18:06:22","date_gmt":"2018-07-13T21:06:22","guid":{"rendered":"http:\/\/diarioregionaljf.com.br\/?p=111530"},"modified":"2018-07-13T18:18:07","modified_gmt":"2018-07-13T21:18:07","slug":"operacao-prende-tres-pessoas-por-trafico-de-drogas-no-bairro-vila-ideal","status":"publish","type":"post","link":"https:\/\/diarioregionaldigital.com.br\/?p=111530","title":{"rendered":"Opera\u00e7\u00e3o prende tr\u00eas pessoas por tr\u00e1fico de drogas no bairro Vila Ideal"},"content":{"rendered":"<p>Tr\u00eas pessoas, sendo um homem de 25 anos e duas mulheres de 21 e 29 anos, foram presas nessa sexta-feira, 13, pela Pol\u00edcia Militar (PM) no bairro Vila Ideal, regi\u00e3o Sudeste da cidade, por tr\u00e1fico de drogas.<\/p>\n<p>De acordo com o boletim de ocorr\u00eancia, os militares receberam recentemente uma denuncia an\u00f4nima de moradores da localidade, informando que alguns indiv\u00edduos ficavam monitorando a presen\u00e7a da pol\u00edcia atrav\u00e9s do aplicativo WhatsApp a fim de evitarem a abordagem policial, conhecidos como \u201colheiros\u201d na regi\u00e3o.<\/p>\n<p>Diante dessa informa\u00e7\u00e3o, os policiais montaram uma opera\u00e7\u00e3o Anti-Drogas, que resultou na pris\u00e3o de tr\u00eas pessoas, que n\u00e3o perceberam a movimenta\u00e7\u00e3o feita pela PM no local.<\/p>\n<p>Foram localizadas na resid\u00eancia duas balan\u00e7as de precis\u00e3o, um caderno de anota\u00e7\u00f5es da movimenta\u00e7\u00e3o do tr\u00e1fico, quatro por\u00e7\u00f5es grandes de maconha, vinte e uma por\u00e7\u00f5es de pequenas maconhas, uma por\u00e7\u00e3o m\u00e9dia de crack e R$700. A opera\u00e7\u00e3o contou com a ajuda do Canil, que localizou as drogas na casa.<\/p>\n<p>Os jovens de 21 e 25 anos j\u00e1 possuem 18 registros de den\u00fancias feitas via 181 nos anos de 2017 e 2018.<\/p>\n<p>Todos foram encaminhados \u00e0 delegacia.<\/p>\n<p>&nbsp;<\/p>\n<p>Fonte: Assessoria PM<\/p>\n","protected":false},"excerpt":{"rendered":"<p>Tr\u00eas pessoas, sendo um homem de 25 anos e duas mulheres de 21 e 29 anos, foram presas nessa sexta-feira, 13, pela Pol\u00edcia Militar (PM) no bairro Vila Ideal, regi\u00e3o Sudeste da cidade, por tr\u00e1fico de drogas. De acordo com o boletim de ocorr\u00eancia, os militares receberam recentemente uma denuncia an\u00f4nima de moradores da localidade, [&hellip;]<\/p>\n","protected":false},"author":96,"featured_media":111532,"comment_status":"closed","ping_status":"closed","sticky":false,"template":"","format":"standard","meta":{"footnotes":""},"categories":[301,439],"tags":[],"class_list":["post-111530","post","type-post","status-publish","format-standard","has-post-thumbnail","hentry","category-artigos-policiais","category-ultima-hora"],"_links":{"self":[{"href":"https:\/\/diarioregionaldigital.com.br\/index.php?rest_route=\/wp\/v2\/posts\/111530","targetHints":{"allow":["GET"]}}],"collection":[{"href":"https:\/\/diarioregionaldigital.com.br\/index.php?rest_route=\/wp\/v2\/posts"}],"about":[{"href":"https:\/\/diarioregionaldigital.com.br\/index.php?rest_route=\/wp\/v2\/types\/post"}],"author":[{"embeddable":true,"href":"https:\/\/diarioregionaldigital.com.br\/index.php?rest_route=\/wp\/v2\/users\/96"}],"replies":[{"embeddable":true,"href":"https:\/\/diarioregionaldigital.com.br\/index.php?rest_route=%2Fwp%2Fv2%2Fcomments&post=111530"}],"version-history":[{"count":0,"href":"https:\/\/diarioregionaldigital.com.br\/index.php?rest_route=\/wp\/v2\/posts\/111530\/revisions"}],"wp:featuredmedia":[{"embeddable":true,"href":"https:\/\/diarioregionaldigital.com.br\/index.php?rest_route=\/wp\/v2\/media\/111532"}],"wp:attachment":[{"href":"https:\/\/diarioregionaldigital.com.br\/index.php?rest_route=%2Fwp%2Fv2%2Fmedia&parent=111530"}],"wp:term":[{"taxonomy":"category","embeddable":true,"href":"https:\/\/diarioregionaldigital.com.br\/index.php?rest_route=%2Fwp%2Fv2%2Fcategories&post=111530"},{"taxonomy":"post_tag","embeddable":true,"href":"https:\/\/diarioregionaldigital.com.br\/index.php?rest_route=%2Fwp%2Fv2%2Ftags&post=111530"}],"curies":[{"name":"wp","href":"https:\/\/api.w.org\/{rel}","templated":true}]}}