{"id":111502,"date":"2018-07-13T16:43:38","date_gmt":"2018-07-13T19:43:38","guid":{"rendered":"http:\/\/diarioregionaljf.com.br\/?p=111502"},"modified":"2018-07-13T16:43:38","modified_gmt":"2018-07-13T19:43:38","slug":"ministro-considera-ruim-para-brasil-disputa-entre-eua-e-china","status":"publish","type":"post","link":"https:\/\/diarioregionaldigital.com.br\/?p=111502","title":{"rendered":"Ministro considera ruim para Brasil disputa entre EUA e China"},"content":{"rendered":"<p>O ministro das Rela\u00e7\u00f5es Exteriores, Aloysio Nunes, considera ruim para o Brasil a disputa comercial dos Estados Unidos, que imp\u00f5e pol\u00edtica protecionista, com a China. Ele participou nessa sexta-feira, 13, de reuni\u00e3o com os setores de com\u00e9rcio exterior e de agroneg\u00f3cio da Federa\u00e7\u00e3o das Ind\u00fastrias do Estado de S\u00e3o Paulo (Fiesp), na capital paulista.<\/p>\n<p>\u201cAs implica\u00e7\u00f5es de uma guerra comercial s\u00e3o muito ruins para o mundo, especialmente para um pa\u00eds em desenvolvimento como o nosso, que precisa\u00a0ter\u00a0acesso a mercados, que precisa\u00a0ter\u00a0interc\u00e2mbio comercial e de investimento maior\u201d, disse o ministro. Para ele, o com\u00e9rcio exterior depende de regras e normas est\u00e1veis, \u201cque n\u00e3o dependam do humor desse ou daquele governante\u201d, al\u00e9m do fortalecimento da Organiza\u00e7\u00e3o Mundial do Com\u00e9rcio (OMC).<\/p>\n<p>O ministro admite que o Brasil poder\u00e1\u00a0ter\u00a0ganhos no curto prazo em alguns setores, mas que ser\u00e1 prejudicado no m\u00e9dio prazo. \u201cEssa guerra vai levar \u00e0 diminui\u00e7\u00e3o do ritmo de crescimento da economia mundial, e o pa\u00eds que quer, cada vez mais, se inserir no mercado mundial, v\u00ea as suas oportunidades minguarem\u201d, declarou.<\/p>\n<p>Jos\u00e9 Ricardo Roriz Coelho, vice-presidente da Fiesp, disse que um bom ambiente de neg\u00f3cios precisa de estabilidade, j\u00e1 que os fluxos comerciais e acordos s\u00e3o feitos a m\u00e9dio e longo prazo. \u201cO que aconteceu ultimamente no cen\u00e1rio internacional \u00e9 uma piora no ambiente de neg\u00f3cios\u201d, avaliou.<\/p>\n<p>Roriz refor\u00e7a que o Brasil obter\u00e1 vantagens apenas no curto prazo. \u201cA m\u00e9dio prazo \u00e9 ruim, porque deteriora as rela\u00e7\u00f5es e, muitas vezes, quebra parceiras comerciais feitas ao longo do tempo. Tamb\u00e9m, cada pa\u00eds tem seus negociadores que estavam em tratativas para estabelecer acordos comerciais e muito disso volta \u00e0 estaca zero\u201d, declarou.<\/p>\n<p>&nbsp;<\/p>\n<p>Fonte: Ag\u00eancia Brasil<\/p>\n","protected":false},"excerpt":{"rendered":"<p>O ministro das Rela\u00e7\u00f5es Exteriores, Aloysio Nunes, considera ruim para o Brasil a disputa comercial dos Estados Unidos, que imp\u00f5e pol\u00edtica protecionista, com a China. Ele participou nessa sexta-feira, 13, de reuni\u00e3o com os setores de com\u00e9rcio exterior e de agroneg\u00f3cio da Federa\u00e7\u00e3o das Ind\u00fastrias do Estado de S\u00e3o Paulo (Fiesp), na capital paulista. \u201cAs [&hellip;]<\/p>\n","protected":false},"author":96,"featured_media":111503,"comment_status":"closed","ping_status":"closed","sticky":false,"template":"","format":"standard","meta":{"footnotes":""},"categories":[261,439],"tags":[],"class_list":["post-111502","post","type-post","status-publish","format-standard","has-post-thumbnail","hentry","category-economia","category-ultima-hora"],"_links":{"self":[{"href":"https:\/\/diarioregionaldigital.com.br\/index.php?rest_route=\/wp\/v2\/posts\/111502","targetHints":{"allow":["GET"]}}],"collection":[{"href":"https:\/\/diarioregionaldigital.com.br\/index.php?rest_route=\/wp\/v2\/posts"}],"about":[{"href":"https:\/\/diarioregionaldigital.com.br\/index.php?rest_route=\/wp\/v2\/types\/post"}],"author":[{"embeddable":true,"href":"https:\/\/diarioregionaldigital.com.br\/index.php?rest_route=\/wp\/v2\/users\/96"}],"replies":[{"embeddable":true,"href":"https:\/\/diarioregionaldigital.com.br\/index.php?rest_route=%2Fwp%2Fv2%2Fcomments&post=111502"}],"version-history":[{"count":0,"href":"https:\/\/diarioregionaldigital.com.br\/index.php?rest_route=\/wp\/v2\/posts\/111502\/revisions"}],"wp:featuredmedia":[{"embeddable":true,"href":"https:\/\/diarioregionaldigital.com.br\/index.php?rest_route=\/wp\/v2\/media\/111503"}],"wp:attachment":[{"href":"https:\/\/diarioregionaldigital.com.br\/index.php?rest_route=%2Fwp%2Fv2%2Fmedia&parent=111502"}],"wp:term":[{"taxonomy":"category","embeddable":true,"href":"https:\/\/diarioregionaldigital.com.br\/index.php?rest_route=%2Fwp%2Fv2%2Fcategories&post=111502"},{"taxonomy":"post_tag","embeddable":true,"href":"https:\/\/diarioregionaldigital.com.br\/index.php?rest_route=%2Fwp%2Fv2%2Ftags&post=111502"}],"curies":[{"name":"wp","href":"https:\/\/api.w.org\/{rel}","templated":true}]}}