{"id":111494,"date":"2018-07-13T15:48:31","date_gmt":"2018-07-13T18:48:31","guid":{"rendered":"http:\/\/diarioregionaljf.com.br\/?p=111494"},"modified":"2018-07-13T15:48:31","modified_gmt":"2018-07-13T18:48:31","slug":"aprovados-no-sisu-devem-fazer-pre-matricula-online-ate-sabado","status":"publish","type":"post","link":"https:\/\/diarioregionaldigital.com.br\/?p=111494","title":{"rendered":"Aprovados no Sisu devem fazer pr\u00e9-matr\u00edcula online at\u00e9 s\u00e1bado"},"content":{"rendered":"<p>Os candidatos selecionados no edital de reclassifica\u00e7\u00e3o do Sisu precisam realizar a pr\u00e9-matr\u00edcula on-line at\u00e9 as 23h59 deste s\u00e1bado, 14. Sem a realiza\u00e7\u00e3o dessa etapa, o aprovado n\u00e3o pode fazer a matr\u00edcula presencial na Universidade Federal de Juiz de Fora (UFJF).<\/p>\n<p>O primeiro edital de reclassifica\u00e7\u00e3o do Sistema de Sele\u00e7\u00e3o Unificada (Sisu) para o segundo semestre de 2018 foi publicado nesta quinta-feira, 12. Depois de pr\u00e9-matriculados, os aprovados precisam separar, de acordo com o grupo de concorr\u00eancia, a documenta\u00e7\u00e3o necess\u00e1ria para fazer a matr\u00edcula presencial. Os modelos de declara\u00e7\u00f5es e demais orienta\u00e7\u00f5es est\u00e3o dispon\u00edveis no site da Coordenadoria de Assuntos e Registros Acad\u00eamicos (Cdara).<\/p>\n<p>As matr\u00edculas presenciais ocorrem nos dias 26 e 27 de julho. Em Juiz de Fora, os candidatos devem comparecer ao anfiteatro da reitoria, localizado no pr\u00e9dio central do Campus da UFJF em Juiz de Fora. J\u00e1 em Governador Valares as matr\u00edculas ocorrem no pr\u00e9dio da Faculdade Pit\u00e1goras, no Centro. A data e o hor\u00e1rio espec\u00edficos para a matr\u00edcula em cada curso podem ser verificados no site da Cdara.<\/p>\n<p>A publica\u00e7\u00e3o do segundo e terceiro editais de reclassifica\u00e7\u00e3o do Sisu 2018 est\u00e1 prevista, respectivamente, para os dias 18 e 25 de julho.<\/p>\n<p>&nbsp;<\/p>\n<p>Fonte: Assessoria UFJF<\/p>\n","protected":false},"excerpt":{"rendered":"<p>Os candidatos selecionados no edital de reclassifica\u00e7\u00e3o do Sisu precisam realizar a pr\u00e9-matr\u00edcula on-line at\u00e9 as 23h59 deste s\u00e1bado, 14. Sem a realiza\u00e7\u00e3o dessa etapa, o aprovado n\u00e3o pode fazer a matr\u00edcula presencial na Universidade Federal de Juiz de Fora (UFJF). O primeiro edital de reclassifica\u00e7\u00e3o do Sistema de Sele\u00e7\u00e3o Unificada (Sisu) para o segundo [&hellip;]<\/p>\n","protected":false},"author":96,"featured_media":99344,"comment_status":"closed","ping_status":"closed","sticky":false,"template":"","format":"standard","meta":{"footnotes":""},"categories":[253,440,439],"tags":[],"class_list":["post-111494","post","type-post","status-publish","format-standard","has-post-thumbnail","hentry","category-cidade","category-destaques-do-dia","category-ultima-hora"],"_links":{"self":[{"href":"https:\/\/diarioregionaldigital.com.br\/index.php?rest_route=\/wp\/v2\/posts\/111494","targetHints":{"allow":["GET"]}}],"collection":[{"href":"https:\/\/diarioregionaldigital.com.br\/index.php?rest_route=\/wp\/v2\/posts"}],"about":[{"href":"https:\/\/diarioregionaldigital.com.br\/index.php?rest_route=\/wp\/v2\/types\/post"}],"author":[{"embeddable":true,"href":"https:\/\/diarioregionaldigital.com.br\/index.php?rest_route=\/wp\/v2\/users\/96"}],"replies":[{"embeddable":true,"href":"https:\/\/diarioregionaldigital.com.br\/index.php?rest_route=%2Fwp%2Fv2%2Fcomments&post=111494"}],"version-history":[{"count":0,"href":"https:\/\/diarioregionaldigital.com.br\/index.php?rest_route=\/wp\/v2\/posts\/111494\/revisions"}],"wp:featuredmedia":[{"embeddable":true,"href":"https:\/\/diarioregionaldigital.com.br\/index.php?rest_route=\/wp\/v2\/media\/99344"}],"wp:attachment":[{"href":"https:\/\/diarioregionaldigital.com.br\/index.php?rest_route=%2Fwp%2Fv2%2Fmedia&parent=111494"}],"wp:term":[{"taxonomy":"category","embeddable":true,"href":"https:\/\/diarioregionaldigital.com.br\/index.php?rest_route=%2Fwp%2Fv2%2Fcategories&post=111494"},{"taxonomy":"post_tag","embeddable":true,"href":"https:\/\/diarioregionaldigital.com.br\/index.php?rest_route=%2Fwp%2Fv2%2Ftags&post=111494"}],"curies":[{"name":"wp","href":"https:\/\/api.w.org\/{rel}","templated":true}]}}