{"id":111390,"date":"2018-07-12T20:17:55","date_gmt":"2018-07-12T23:17:55","guid":{"rendered":"http:\/\/diarioregionaljf.com.br\/?p=111390"},"modified":"2018-07-12T20:17:55","modified_gmt":"2018-07-12T23:17:55","slug":"exportacoes-de-aco-do-brasil-para-os-estados-unidos-sobem-apos-tarifa","status":"publish","type":"post","link":"https:\/\/diarioregionaldigital.com.br\/?p=111390","title":{"rendered":"Exporta\u00e7\u00f5es de a\u00e7o do Brasil para os Estados Unidos sobem ap\u00f3s tarifa"},"content":{"rendered":"<p>No primeiro m\u00eas ap\u00f3s a introdu\u00e7\u00e3o da tarifa de 25% pelo governo do presidente Donald Trump sobre o a\u00e7o importado pelos Estados Unidos, as sider\u00fargicas brasileiras aumentaram as vendas do produto para o pa\u00eds. Em junho, as exporta\u00e7\u00f5es de a\u00e7o do Brasil para o mercado norte-americano somaram US$548,6 milh\u00f5es, quase o triplo em rela\u00e7\u00e3o a junho de 2017 (US$210,8 milh\u00f5es).<\/p>\n<p>Em volume de embarques, a exporta\u00e7\u00e3o tamb\u00e9m aumentou: de 386,9 mil toneladas em junho de 2017 para 885,2 mil no m\u00eas passado. Os n\u00fameros foram divulgados nessa quinta-feira, 12, pelo Minist\u00e9rio da Ind\u00fastria, Com\u00e9rcio Exterior e Servi\u00e7os (MDIC), que detalhou as vendas do produto para o mercado norte-americano.<\/p>\n<p>Um dos fatores que explicam o aumento das exporta\u00e7\u00f5es de a\u00e7o foi o fim da greve dos caminhoneiros. Por causa da paralisa\u00e7\u00e3o, as vendas do produto para os Estados Unidos ca\u00edram para US$110,8 milh\u00f5es em maio. Em junho, os embarques se recompuseram com as sider\u00fargicas desovando a produ\u00e7\u00e3o n\u00e3o exportada nos cerca de dez dias de greve.<\/p>\n<p><strong>MEDIDAS RESTRITIVAS<\/strong><\/p>\n<p>Outro fator que pode ter ajudado a elevar as vendas de a\u00e7o foi a exclus\u00e3o do Brasil da sobretaxa\u00e7\u00e3o. Depois de negocia\u00e7\u00f5es, o governo norte-americano concordou em excluir o a\u00e7o brasileiro, argentino e sul-coreano da tarifa de 25% mediante a imposi\u00e7\u00e3o de cotas de exporta\u00e7\u00e3o. No caso do Brasil, o limite para o a\u00e7o semiacabado (como blocos e placas), usados como insumo por sider\u00fargicas norte-americanas, equivaler\u00e1 a 100% da m\u00e9dia exportada de 2015 a 2017.<\/p>\n<p>Para os produtos acabados (a\u00e7os longos, planos, inoxid\u00e1veis e tubos), a cota corresponder\u00e1 a 70% desse montante. Os limites entraram em vigor em 1\u00ba de junho. Enquanto as cotas de exporta\u00e7\u00e3o para 2018 n\u00e3o s\u00e3o atingidas, o Brasil beneficia-se da aus\u00eancia de taxa\u00e7\u00e3o e do alto pre\u00e7o do a\u00e7o no mercado internacional.<\/p>\n<p>&nbsp;<\/p>\n<p>Fonte: Ag\u00eancia Brasil<\/p>\n","protected":false},"excerpt":{"rendered":"<p>No primeiro m\u00eas ap\u00f3s a introdu\u00e7\u00e3o da tarifa de 25% pelo governo do presidente Donald Trump sobre o a\u00e7o importado pelos Estados Unidos, as sider\u00fargicas brasileiras aumentaram as vendas do produto para o pa\u00eds. Em junho, as exporta\u00e7\u00f5es de a\u00e7o do Brasil para o mercado norte-americano somaram US$548,6 milh\u00f5es, quase o triplo em rela\u00e7\u00e3o a [&hellip;]<\/p>\n","protected":false},"author":96,"featured_media":111391,"comment_status":"closed","ping_status":"closed","sticky":false,"template":"","format":"standard","meta":{"footnotes":""},"categories":[261,439],"tags":[],"class_list":["post-111390","post","type-post","status-publish","format-standard","has-post-thumbnail","hentry","category-economia","category-ultima-hora"],"_links":{"self":[{"href":"https:\/\/diarioregionaldigital.com.br\/index.php?rest_route=\/wp\/v2\/posts\/111390","targetHints":{"allow":["GET"]}}],"collection":[{"href":"https:\/\/diarioregionaldigital.com.br\/index.php?rest_route=\/wp\/v2\/posts"}],"about":[{"href":"https:\/\/diarioregionaldigital.com.br\/index.php?rest_route=\/wp\/v2\/types\/post"}],"author":[{"embeddable":true,"href":"https:\/\/diarioregionaldigital.com.br\/index.php?rest_route=\/wp\/v2\/users\/96"}],"replies":[{"embeddable":true,"href":"https:\/\/diarioregionaldigital.com.br\/index.php?rest_route=%2Fwp%2Fv2%2Fcomments&post=111390"}],"version-history":[{"count":0,"href":"https:\/\/diarioregionaldigital.com.br\/index.php?rest_route=\/wp\/v2\/posts\/111390\/revisions"}],"wp:featuredmedia":[{"embeddable":true,"href":"https:\/\/diarioregionaldigital.com.br\/index.php?rest_route=\/wp\/v2\/media\/111391"}],"wp:attachment":[{"href":"https:\/\/diarioregionaldigital.com.br\/index.php?rest_route=%2Fwp%2Fv2%2Fmedia&parent=111390"}],"wp:term":[{"taxonomy":"category","embeddable":true,"href":"https:\/\/diarioregionaldigital.com.br\/index.php?rest_route=%2Fwp%2Fv2%2Fcategories&post=111390"},{"taxonomy":"post_tag","embeddable":true,"href":"https:\/\/diarioregionaldigital.com.br\/index.php?rest_route=%2Fwp%2Fv2%2Ftags&post=111390"}],"curies":[{"name":"wp","href":"https:\/\/api.w.org\/{rel}","templated":true}]}}