{"id":111357,"date":"2018-07-12T17:06:12","date_gmt":"2018-07-12T20:06:12","guid":{"rendered":"http:\/\/diarioregionaljf.com.br\/?p=111357"},"modified":"2018-07-12T17:06:12","modified_gmt":"2018-07-12T20:06:12","slug":"senado-deve-votar-venda-de-distribuidoras-da-eletrobras-em-agosto","status":"publish","type":"post","link":"https:\/\/diarioregionaldigital.com.br\/?p=111357","title":{"rendered":"Senado deve votar venda de distribuidoras da Eletrobras em agosto"},"content":{"rendered":"<p>O presidente do Senado, Eun\u00edcio Oliveira (MDB-CE), disse nessa quarta-feira, 12, que, na volta do recesso parlamentar, em agosto, pretende colocar em vota\u00e7\u00e3o propostas rec\u00e9m-aprovadas pela C\u00e2mara dos Deputados que n\u00e3o tiveram tempo de ser votadas na Casa no primeiro semestre.<\/p>\n<p>Na lista, est\u00e1 inclu\u00edda a proposta que trata da venda de seis distribuidoras da Eletrobras no Norte e no Nordeste e o projeto que permite \u00e0 Petrobras transferir, para outras empresas, at\u00e9 70% dos direitos de explora\u00e7\u00e3o de cinco bilh\u00f5es de barris de petr\u00f3leo, a chamada cess\u00e3o onerosa. Segundo o senador, os assuntos j\u00e1 tramitam em regime de urg\u00eancia e ser\u00e3o pautados ap\u00f3s o dia 5 de agosto, prazo final para realiza\u00e7\u00e3o das conven\u00e7\u00f5es partid\u00e1rias, quando as siglas definem oficialmente seus candidatos \u00e0s elei\u00e7\u00f5es de outubro.<\/p>\n<p>Questionado por jornalistas, Eun\u00edcio n\u00e3o quis adiantar que outros temas ter\u00e3o celeridade no segundo semestre, mas disse que vai combinar com o presidente da C\u00e2mara dos Deputados, Rodrigo Maia (DEM-RJ), as semanas em que as duas Casas trabalhar\u00e3o em esfor\u00e7o concentrado em fun\u00e7\u00e3o do recesso branco das elei\u00e7\u00f5es.<\/p>\n<p>O presidente do Senado destacou tamb\u00e9m a vota\u00e7\u00e3o de projetos na \u00e1rea de seguran\u00e7a p\u00fablica e microeconomia e comemorou a aprova\u00e7\u00e3o da Lei de Diretrizes Or\u00e7ament\u00e1rias dentro do prazo. Oficialmente, o recesso parlamentar vai de 18\u00a0 a\u00a0 31 de julho.<\/p>\n<p>&nbsp;<\/p>\n<p>Fonte: Ag\u00eancia Brasil<\/p>\n<p><em>\u00a0<\/em><\/p>\n","protected":false},"excerpt":{"rendered":"<p>O presidente do Senado, Eun\u00edcio Oliveira (MDB-CE), disse nessa quarta-feira, 12, que, na volta do recesso parlamentar, em agosto, pretende colocar em vota\u00e7\u00e3o propostas rec\u00e9m-aprovadas pela C\u00e2mara dos Deputados que n\u00e3o tiveram tempo de ser votadas na Casa no primeiro semestre. Na lista, est\u00e1 inclu\u00edda a proposta que trata da venda de seis distribuidoras da [&hellip;]<\/p>\n","protected":false},"author":96,"featured_media":111358,"comment_status":"closed","ping_status":"closed","sticky":false,"template":"","format":"standard","meta":{"footnotes":""},"categories":[254,439],"tags":[],"class_list":["post-111357","post","type-post","status-publish","format-standard","has-post-thumbnail","hentry","category-politica","category-ultima-hora"],"_links":{"self":[{"href":"https:\/\/diarioregionaldigital.com.br\/index.php?rest_route=\/wp\/v2\/posts\/111357","targetHints":{"allow":["GET"]}}],"collection":[{"href":"https:\/\/diarioregionaldigital.com.br\/index.php?rest_route=\/wp\/v2\/posts"}],"about":[{"href":"https:\/\/diarioregionaldigital.com.br\/index.php?rest_route=\/wp\/v2\/types\/post"}],"author":[{"embeddable":true,"href":"https:\/\/diarioregionaldigital.com.br\/index.php?rest_route=\/wp\/v2\/users\/96"}],"replies":[{"embeddable":true,"href":"https:\/\/diarioregionaldigital.com.br\/index.php?rest_route=%2Fwp%2Fv2%2Fcomments&post=111357"}],"version-history":[{"count":0,"href":"https:\/\/diarioregionaldigital.com.br\/index.php?rest_route=\/wp\/v2\/posts\/111357\/revisions"}],"wp:featuredmedia":[{"embeddable":true,"href":"https:\/\/diarioregionaldigital.com.br\/index.php?rest_route=\/wp\/v2\/media\/111358"}],"wp:attachment":[{"href":"https:\/\/diarioregionaldigital.com.br\/index.php?rest_route=%2Fwp%2Fv2%2Fmedia&parent=111357"}],"wp:term":[{"taxonomy":"category","embeddable":true,"href":"https:\/\/diarioregionaldigital.com.br\/index.php?rest_route=%2Fwp%2Fv2%2Fcategories&post=111357"},{"taxonomy":"post_tag","embeddable":true,"href":"https:\/\/diarioregionaldigital.com.br\/index.php?rest_route=%2Fwp%2Fv2%2Ftags&post=111357"}],"curies":[{"name":"wp","href":"https:\/\/api.w.org\/{rel}","templated":true}]}}