{"id":111340,"date":"2018-07-12T16:42:14","date_gmt":"2018-07-12T19:42:14","guid":{"rendered":"http:\/\/diarioregionaljf.com.br\/?p=111340"},"modified":"2018-07-12T16:42:14","modified_gmt":"2018-07-12T19:42:14","slug":"secretaria-de-saude-alerta-sobre-importancia-de-manter-vacinacao-contra-o-sarampo","status":"publish","type":"post","link":"https:\/\/diarioregionaldigital.com.br\/?p=111340","title":{"rendered":"Secretaria de Sa\u00fade alerta sobre import\u00e2ncia de manter vacina\u00e7\u00e3o contra o sarampo"},"content":{"rendered":"<p>Em 2016, o Brasil recebeu o certificado de elimina\u00e7\u00e3o da circula\u00e7\u00e3o do v\u00edrus do sarampo, pela Organiza\u00e7\u00e3o Mundial de Sa\u00fade (OMS), declarando a regi\u00e3o das Am\u00e9ricas livre da enfermidade. Por\u00e9m, desde o in\u00edcio a ano, a incid\u00eancia de casos da doen\u00e7a voltou a acontecer, principalmente na regi\u00e3o norte do pa\u00eds. Em Juiz de Fora, segundo dados do Departamento de Vigil\u00e2ncia Epidemiol\u00f3gica e Ambiental da Secretaria de Sa\u00fade (SS), a cobertura vacinal do sarampo, feita por meio da vacina tr\u00edplice viral, \u00e9 de 100% este ano, e a cidade n\u00e3o registra casos da doen\u00e7a h\u00e1 mais de uma d\u00e9cada. Os n\u00fameros apontam que o munic\u00edpio est\u00e1 no caminho certo, mas \u00e9 necess\u00e1rio manter esse quadro.<\/p>\n<p>Assim, agosto ser\u00e1 dedicado \u00e0 vacina\u00e7\u00e3o contra o sarampo, com campanha entre os dias 6 e 31, e \u201cDia D\u201d no s\u00e1bado, 18. A m\u00e9dica infectologista do departamento, S\u00f4nia Rodrigues, lembrou que a imuniza\u00e7\u00e3o \u00e9 fundamental para a sa\u00fade coletiva, uma vez que evita a propaga\u00e7\u00e3o do v\u00edrus: quanto mais pessoas vacinadas, menor a chance de surtos de doen\u00e7as. \u201cPor isso, precisamos pensar no coletivo. No que \u00e9 melhor para a nossa popula\u00e7\u00e3o\u201d, explicou.<\/p>\n<p><b>Esquema vacinal<\/b><\/p>\n<p>A vacina contra o sarampo, conhecida como tr\u00edplice viral, faz parte do \u201cCalend\u00e1rio Nacional de Vacina\u00e7\u00e3o\u201d, e est\u00e1 dispon\u00edvel durante o ano todo nas unidades b\u00e1sicas de Sa\u00fade (UBSs) e no Departamento de Sa\u00fade da Crian\u00e7a e do Adolescente (DSCA), na Rua S\u00e3o Sebasti\u00e3o, 772. S\u00e3o necess\u00e1rias duas doses da vacina para a pessoa estar imunizada por toda a vida. Em crian\u00e7as, a primeira dose \u00e9 administrada aos 12 meses, e a segunda, aos 15. Para os adolescentes e adultos at\u00e9 29 anos, duas doses, com intervalo de 30 dias entre as doses. Pessoas entre 30 e 49 anos tomam apenas uma dose. Quem n\u00e3o tiver em m\u00e3os o cart\u00e3o vacinal, e n\u00e3o souber se j\u00e1 foi munizado, deve procurar a UBS de refer\u00eancia e explicar o caso.<\/p>\n<p><b>Contraindica\u00e7\u00f5es<\/b><\/p>\n<p>A vacina \u00e9 contraindicada em registro de imunodefici\u00eancias cong\u00eanitas ou adquiridas (cl\u00ednica ou laboratorial grave), infec\u00e7\u00e3o pelo HIV em pessoas com taxas de CD4 (c\u00e9lulas do sistema imunol\u00f3gico) menor que 15%, gestantes e pessoas com alergia grave aos componentes da f\u00f3rmula.<\/p>\n<p><b>A doen\u00e7a<\/b><\/p>\n<p>Infec\u00e7\u00e3o exantem\u00e1tica aguda, \u00e9 percept\u00edvel atrav\u00e9s de manifesta\u00e7\u00f5es cut\u00e2neas, ou seja, por cima da pele. \u00c9 transmiss\u00edvel e extremamente contagiosa, podendo evoluir com complica\u00e7\u00f5es e \u00f3bitos, particularmente em crian\u00e7as desnutridas e menores de um ano de idade. A transmiss\u00e3o ocorre entre pessoas, por meio de secre\u00e7\u00f5es respirat\u00f3rias, no per\u00edodo de quatro a seis dias antes do aparecimento do exantema, at\u00e9 quatro dias ap\u00f3s. Os cuidados s\u00e3o os mesmos para qualquer faixa et\u00e1ria, e quem j\u00e1 teve a doen\u00e7a est\u00e1 imunizado permanentemente. O Departamento de Vigil\u00e2ncia Epidemiol\u00f3gica da SS, atrav\u00e9s do Setor de Doen\u00e7as Transmiss\u00edveis (DVEA), orienta que febre, coriza, tosse, conjuntivite e exantema s\u00e3o casos suspeitos de sarampo, e as pessoas devem procurar atendimento m\u00e9dico.<\/p>\n<p>Os profissionais de sa\u00fade tamb\u00e9m precisam ficar atentos para realizar o diagn\u00f3stico de forma correta e avisar o DVEA, durante a semana, pelo telefone 3690-7467, e nos finais de semana pelo plant\u00e3o, no 98431-4053.<\/p>\n<p>&nbsp;<\/p>\n<p>Fonte: Assessoria PJF<\/p>\n","protected":false},"excerpt":{"rendered":"<p>Em 2016, o Brasil recebeu o certificado de elimina\u00e7\u00e3o da circula\u00e7\u00e3o do v\u00edrus do sarampo, pela Organiza\u00e7\u00e3o Mundial de Sa\u00fade (OMS), declarando a regi\u00e3o das Am\u00e9ricas livre da enfermidade. Por\u00e9m, desde o in\u00edcio a ano, a incid\u00eancia de casos da doen\u00e7a voltou a acontecer, principalmente na regi\u00e3o norte do pa\u00eds. Em Juiz de Fora, segundo [&hellip;]<\/p>\n","protected":false},"author":96,"featured_media":111341,"comment_status":"closed","ping_status":"closed","sticky":false,"template":"","format":"standard","meta":{"footnotes":""},"categories":[253,439],"tags":[],"class_list":["post-111340","post","type-post","status-publish","format-standard","has-post-thumbnail","hentry","category-cidade","category-ultima-hora"],"_links":{"self":[{"href":"https:\/\/diarioregionaldigital.com.br\/index.php?rest_route=\/wp\/v2\/posts\/111340","targetHints":{"allow":["GET"]}}],"collection":[{"href":"https:\/\/diarioregionaldigital.com.br\/index.php?rest_route=\/wp\/v2\/posts"}],"about":[{"href":"https:\/\/diarioregionaldigital.com.br\/index.php?rest_route=\/wp\/v2\/types\/post"}],"author":[{"embeddable":true,"href":"https:\/\/diarioregionaldigital.com.br\/index.php?rest_route=\/wp\/v2\/users\/96"}],"replies":[{"embeddable":true,"href":"https:\/\/diarioregionaldigital.com.br\/index.php?rest_route=%2Fwp%2Fv2%2Fcomments&post=111340"}],"version-history":[{"count":0,"href":"https:\/\/diarioregionaldigital.com.br\/index.php?rest_route=\/wp\/v2\/posts\/111340\/revisions"}],"wp:featuredmedia":[{"embeddable":true,"href":"https:\/\/diarioregionaldigital.com.br\/index.php?rest_route=\/wp\/v2\/media\/111341"}],"wp:attachment":[{"href":"https:\/\/diarioregionaldigital.com.br\/index.php?rest_route=%2Fwp%2Fv2%2Fmedia&parent=111340"}],"wp:term":[{"taxonomy":"category","embeddable":true,"href":"https:\/\/diarioregionaldigital.com.br\/index.php?rest_route=%2Fwp%2Fv2%2Fcategories&post=111340"},{"taxonomy":"post_tag","embeddable":true,"href":"https:\/\/diarioregionaldigital.com.br\/index.php?rest_route=%2Fwp%2Fv2%2Ftags&post=111340"}],"curies":[{"name":"wp","href":"https:\/\/api.w.org\/{rel}","templated":true}]}}