{"id":111334,"date":"2018-07-12T16:23:21","date_gmt":"2018-07-12T19:23:21","guid":{"rendered":"http:\/\/diarioregionaljf.com.br\/?p=111334"},"modified":"2018-07-12T16:29:49","modified_gmt":"2018-07-12T19:29:49","slug":"stj-recebe-mais-260-habeas-corpus-em-favor-de-lula","status":"publish","type":"post","link":"https:\/\/diarioregionaldigital.com.br\/?p=111334","title":{"rendered":"STJ recebe mais 260 habeas corpus em favor de Lula"},"content":{"rendered":"<p>Ap\u00f3s a presidente do Superior Tribunal de Justi\u00e7a (STJ), Laurita Vaz, negar nessa quarta-feira, 11, de uma s\u00f3 vez, 143 pedidos de <em>habeas corpus<\/em> em favor do ex-presidente Luiz In\u00e1cio Lula da Silva, o Tribunal j\u00e1 registrava, at\u00e9 as 14h dessa quinta-feira, 12, mais 264 solicita\u00e7\u00f5es do mesmo recurso.<\/p>\n<p>Os <em>habeas corpus<\/em> pedem a liberdade de Lula, que est\u00e1 cumprindo pena de 12 anos e um m\u00eas na carceragem da Superintend\u00eancia da Pol\u00edcia Federal em Curitiba, por corrup\u00e7\u00e3o e lavagem de dinheiro no caso envolvendo o triplex na cidade do Guaruj\u00e1, no litoral de S\u00e3o Paulo.<\/p>\n<p>Nessa quarta-feira, 11, a presidente do STJ, Laurita Vaz, em seu despacho, fez cr\u00edticas aos pedidos, afirmando que eles n\u00e3o possu\u00edam \u201cnenhum substrato jur\u00eddico adequado\u201d. A ministra argumentou que apesar da solicita\u00e7\u00e3o de <em>habeas corpus<\/em> ser um direito de qualquer cidad\u00e3o, esse recurso n\u00e3o pode ser usado como um \u201cato popular\u201d. Ela se referia \u00e0 articula\u00e7\u00e3o de v\u00e1rios processos, identificados com o subt\u00edtulo \u201cAto popular 9 de julho de 2018\u201d.<\/p>\n<p>Defensores do ex-presidente, assim como a sua defesa, v\u00eam tentando obter <em>habeas corpus<\/em> argumentando falhas no processo, aus\u00eancia de provas e falta de necessidade da pris\u00e3o.<\/p>\n<p>Lula foi preso em 7 de abril ap\u00f3s ter confirmada, na segunda inst\u00e2ncia, sua condena\u00e7\u00e3o pelo juiz S\u00e9rgio Moro, por corrup\u00e7\u00e3o e lavagem de dinheiro no caso do triplex no Guaruj\u00e1 (SP). Desde ent\u00e3o ele \u00e9 mantido na Superintend\u00eancia da Pol\u00edcia Federal em Curitiba.<\/p>\n<p>O Tribunal Regional Federal da 4\u00aa Regi\u00e3o (TRF4), segunda inst\u00e2ncia da Justi\u00e7a Federal, que imp\u00f4s a pena ao ex-presidente, determinou a pris\u00e3o seguindo entendimento atual do Supremo Tribunal Federal (STF), que permite a execu\u00e7\u00e3o de pena mesmo que ainda haja possibilidade de recurso a inst\u00e2ncias superiores.<\/p>\n<p>&nbsp;<\/p>\n<p>Fonte: Ag\u00eancia Brasil<\/p>\n","protected":false},"excerpt":{"rendered":"<p>Ap\u00f3s a presidente do Superior Tribunal de Justi\u00e7a (STJ), Laurita Vaz, negar nessa quarta-feira, 11, de uma s\u00f3 vez, 143 pedidos de habeas corpus em favor do ex-presidente Luiz In\u00e1cio Lula da Silva, o Tribunal j\u00e1 registrava, at\u00e9 as 14h dessa quinta-feira, 12, mais 264 solicita\u00e7\u00f5es do mesmo recurso. Os habeas corpus pedem a liberdade [&hellip;]<\/p>\n","protected":false},"author":96,"featured_media":111338,"comment_status":"closed","ping_status":"closed","sticky":false,"template":"","format":"standard","meta":{"footnotes":""},"categories":[254,439],"tags":[],"class_list":["post-111334","post","type-post","status-publish","format-standard","has-post-thumbnail","hentry","category-politica","category-ultima-hora"],"_links":{"self":[{"href":"https:\/\/diarioregionaldigital.com.br\/index.php?rest_route=\/wp\/v2\/posts\/111334","targetHints":{"allow":["GET"]}}],"collection":[{"href":"https:\/\/diarioregionaldigital.com.br\/index.php?rest_route=\/wp\/v2\/posts"}],"about":[{"href":"https:\/\/diarioregionaldigital.com.br\/index.php?rest_route=\/wp\/v2\/types\/post"}],"author":[{"embeddable":true,"href":"https:\/\/diarioregionaldigital.com.br\/index.php?rest_route=\/wp\/v2\/users\/96"}],"replies":[{"embeddable":true,"href":"https:\/\/diarioregionaldigital.com.br\/index.php?rest_route=%2Fwp%2Fv2%2Fcomments&post=111334"}],"version-history":[{"count":0,"href":"https:\/\/diarioregionaldigital.com.br\/index.php?rest_route=\/wp\/v2\/posts\/111334\/revisions"}],"wp:featuredmedia":[{"embeddable":true,"href":"https:\/\/diarioregionaldigital.com.br\/index.php?rest_route=\/wp\/v2\/media\/111338"}],"wp:attachment":[{"href":"https:\/\/diarioregionaldigital.com.br\/index.php?rest_route=%2Fwp%2Fv2%2Fmedia&parent=111334"}],"wp:term":[{"taxonomy":"category","embeddable":true,"href":"https:\/\/diarioregionaldigital.com.br\/index.php?rest_route=%2Fwp%2Fv2%2Fcategories&post=111334"},{"taxonomy":"post_tag","embeddable":true,"href":"https:\/\/diarioregionaldigital.com.br\/index.php?rest_route=%2Fwp%2Fv2%2Ftags&post=111334"}],"curies":[{"name":"wp","href":"https:\/\/api.w.org\/{rel}","templated":true}]}}