{"id":111322,"date":"2018-07-12T15:31:06","date_gmt":"2018-07-12T18:31:06","guid":{"rendered":"http:\/\/diarioregionaljf.com.br\/?p=111322"},"modified":"2018-07-12T15:31:06","modified_gmt":"2018-07-12T18:31:06","slug":"mais-de-6-milhoes-de-pessoas-ainda-nao-se-vacinaram-contra-gripe","status":"publish","type":"post","link":"https:\/\/diarioregionaldigital.com.br\/?p=111322","title":{"rendered":"Mais de 6 milh\u00f5es de pessoas ainda n\u00e3o se vacinaram contra gripe"},"content":{"rendered":"<p>Mais de 6 milh\u00f5es de pessoas que pertencem aos chamados grupos priorit\u00e1rios ainda n\u00e3o se vacinaram contra a gripe este ano. De acordo com o Minist\u00e9rio da Sa\u00fade, gestantes e crian\u00e7as foram os que menos procuraram as salas de imuniza\u00e7\u00e3o, com cobertura de 76,4% e 73,6%, respectivamente. Ao todo, 493.710 gr\u00e1vidas e 3,3 milh\u00f5es de crian\u00e7as com idade entre 6 meses e 5 anos ainda n\u00e3o receberam a dose.<\/p>\n<p>Segundo o \u00faltimo boletim epidemiol\u00f3gico da pasta, 50,4 milh\u00f5es de pessoas foram imunizadas. Desse total, 20,2 milh\u00f5es s\u00e3o idosos; 4,4 milh\u00f5es, trabalhadores da sa\u00fade; 2,2 milh\u00f5es, professores; 358,9 mil, pu\u00e9rperas (at\u00e9 40 dias de p\u00f3s-parto) e 643,3 mil, ind\u00edgenas. Conforme o balan\u00e7o, em todos esses grupos, atingiu-se a meta de vacina\u00e7\u00e3o, fixada pela Organiza\u00e7\u00e3o Mundial da Sa\u00fade (OMS) em 90%.<\/p>\n<div class=\"dnd-widget-wrapper context-cheio_8colunas type-image\">\n<div class=\"dnd-caption-wrapper\">\n<div class=\"meta\"><span style=\"color: #565656; font-size: 15px; line-height: 1.5;\">Desde o dia 25 de junho, os munic\u00edpios que ainda tinham doses da vacina contra a gripe dispon\u00edveis estenderam a imuniza\u00e7\u00e3o tamb\u00e9m para crian\u00e7as de 5 a 9 anos e para adultos de 50 a 59 anos, conforme recomenda\u00e7\u00e3o do governo federal. Nesses dois grupos, j\u00e1 foram aplicadas 997.182 doses, sendo 411.474 em crian\u00e7as e 585.708 em adultos.<\/span><\/div>\n<\/div>\n<\/div>\n<p><strong>Regi\u00f5es e estados<\/strong><\/p>\n<p>O Sudeste \u00e9 a regi\u00e3o com menor cobertura vacinal contra a gripe at\u00e9 o momento \u2013 84%. Em seguida est\u00e3o o Norte, com 85%; o Sul, com 90,3%; o Nordeste, com 94%; e o Centro-Oeste, com 99,1%.<\/p>\n<p>Entre as unidades federativas, atingiram a meta de imuniza\u00e7\u00e3o Goi\u00e1s (106,6%), Cear\u00e1 (104%), Amap\u00e1 (100%), Distrito Federal (97,3%), Esp\u00edrito Santo (96,5%), Pernambuco (95,3%), Tocantins (95,2%), Alagoas (94,1%), Minas Gerais (93,9%), Mato Grosso (93,7%), Maranh\u00e3o (93,7%), Para\u00edba (92,8%), Rio Grande do Norte (92,3%), Sergipe (92%), Paran\u00e1 (92%), Piau\u00ed (91,4%) e Mato Grosso do Sul (90,2%).<\/p>\n<p>Os estados com cobertura vacinal mais baixa contra a gripe s\u00e3o Roraima, com 66,7%, e Rio de Janeiro, com 75,6%.<\/p>\n<p><strong>Casos<\/strong><\/p>\n<p>At\u00e9 o dia 6 deste m\u00eas, foram registrados 4.226 casos de<em> influenza <\/em>em todo o pa\u00eds, com 745 \u00f3bitos. Desse total, 2.538 casos e 495 \u00f3bitos foram por H1N1, al\u00e9m de 889 casos e 127 \u00f3bitos por H3N2. Al\u00e9m disso, h\u00e1 317 registros de<em> influenza B<\/em>, com 44 \u00f3bitos e outros 482 notifica\u00e7\u00f5es de <em>influenza A<\/em> n\u00e3o subtipado, com 79 \u00f3bitos.<\/p>\n<p>&nbsp;<\/p>\n<p>Fonte: Ag\u00eancia Brasil<\/p>\n","protected":false},"excerpt":{"rendered":"<p>Mais de 6 milh\u00f5es de pessoas que pertencem aos chamados grupos priorit\u00e1rios ainda n\u00e3o se vacinaram contra a gripe este ano. De acordo com o Minist\u00e9rio da Sa\u00fade, gestantes e crian\u00e7as foram os que menos procuraram as salas de imuniza\u00e7\u00e3o, com cobertura de 76,4% e 73,6%, respectivamente. Ao todo, 493.710 gr\u00e1vidas e 3,3 milh\u00f5es de [&hellip;]<\/p>\n","protected":false},"author":96,"featured_media":111324,"comment_status":"closed","ping_status":"closed","sticky":false,"template":"","format":"standard","meta":{"footnotes":""},"categories":[302,436,439],"tags":[],"class_list":["post-111322","post","type-post","status-publish","format-standard","has-post-thumbnail","hentry","category-brasil-mundo","category-destaque-da-semana","category-ultima-hora"],"_links":{"self":[{"href":"https:\/\/diarioregionaldigital.com.br\/index.php?rest_route=\/wp\/v2\/posts\/111322","targetHints":{"allow":["GET"]}}],"collection":[{"href":"https:\/\/diarioregionaldigital.com.br\/index.php?rest_route=\/wp\/v2\/posts"}],"about":[{"href":"https:\/\/diarioregionaldigital.com.br\/index.php?rest_route=\/wp\/v2\/types\/post"}],"author":[{"embeddable":true,"href":"https:\/\/diarioregionaldigital.com.br\/index.php?rest_route=\/wp\/v2\/users\/96"}],"replies":[{"embeddable":true,"href":"https:\/\/diarioregionaldigital.com.br\/index.php?rest_route=%2Fwp%2Fv2%2Fcomments&post=111322"}],"version-history":[{"count":0,"href":"https:\/\/diarioregionaldigital.com.br\/index.php?rest_route=\/wp\/v2\/posts\/111322\/revisions"}],"wp:featuredmedia":[{"embeddable":true,"href":"https:\/\/diarioregionaldigital.com.br\/index.php?rest_route=\/wp\/v2\/media\/111324"}],"wp:attachment":[{"href":"https:\/\/diarioregionaldigital.com.br\/index.php?rest_route=%2Fwp%2Fv2%2Fmedia&parent=111322"}],"wp:term":[{"taxonomy":"category","embeddable":true,"href":"https:\/\/diarioregionaldigital.com.br\/index.php?rest_route=%2Fwp%2Fv2%2Fcategories&post=111322"},{"taxonomy":"post_tag","embeddable":true,"href":"https:\/\/diarioregionaldigital.com.br\/index.php?rest_route=%2Fwp%2Fv2%2Ftags&post=111322"}],"curies":[{"name":"wp","href":"https:\/\/api.w.org\/{rel}","templated":true}]}}