{"id":111318,"date":"2018-07-12T15:21:48","date_gmt":"2018-07-12T18:21:48","guid":{"rendered":"http:\/\/diarioregionaljf.com.br\/?p=111318"},"modified":"2018-07-12T15:21:48","modified_gmt":"2018-07-12T18:21:48","slug":"museu-mariano-procopio-inclui-novas-atividades-na-programacao-das-ferias","status":"publish","type":"post","link":"https:\/\/diarioregionaldigital.com.br\/?p=111318","title":{"rendered":"Museu \u201cMariano Proc\u00f3pio\u201d inclui novas atividades na programa\u00e7\u00e3o das f\u00e9rias"},"content":{"rendered":"<p>A Funda\u00e7\u00e3o \u201cMuseu Mariano Proc\u00f3pio\u201d ter\u00e1 novas atividades, atrav\u00e9s de parceria com o Servi\u00e7o Social do Com\u00e9rcio (Sesc), com a\u00e7\u00f5es nos dias 24, 25 e 27. Ser\u00e3o realizadas oficinas de dan\u00e7a circular, musicaliza\u00e7\u00e3o corporal, pintura facial e escultura de bal\u00e3o, no p\u00e1tio do museu, com in\u00edcio \u00e0s 14 horas, nos tr\u00eas dias. A proposta \u00e9 para que, al\u00e9m da recrea\u00e7\u00e3o, as crian\u00e7as visitem a Galeria \u201cMaria Am\u00e1lia\u201d, podendo conhecer, assim, parte do acervo hist\u00f3rico e curiosidades da institui\u00e7\u00e3o. Para essas atividades n\u00e3o \u00e9 necess\u00e1ria inscri\u00e7\u00e3o. Aqueles que visitarem o local ainda poder\u00e3o caminhar pelas trilhas, fazer piqueniques e desfrutar dos belos cen\u00e1rios para fotografia.<\/p>\n<p>A iniciativa, al\u00e9m de proporcionar momentos de lazer e descontra\u00e7\u00e3o aos visitantes, visa a aproxima\u00e7\u00e3o de todos com o Museu. Na edi\u00e7\u00e3o passada, a institui\u00e7\u00e3o recebeu mais de 26 mil visitantes. Al\u00e9m da programa\u00e7\u00e3o de f\u00e9rias, a institui\u00e7\u00e3o ainda oferece atividades di\u00e1rias para toda fam\u00edlia, como visita\u00e7\u00e3o \u00e0 Galeria \u201cMaria Am\u00e1lia\u201d, aberta de ter\u00e7a a sexta-feira, das 10 \u00e0s 17 horas, com entrada gratuita. O parque funciona de ter\u00e7a adomingo, das 8 \u00e0s 18 horas. O acesso pela Rua Dom Pedro II tamb\u00e9m \u00e9 de ter\u00e7a a sexta, das 8 \u00e0s 17 horas.<\/p>\n<p><b>Programa\u00e7\u00e3o<\/b><\/p>\n<p>Dia 24 &#8211; Pintura facial e escultura de bal\u00e3o, \u00e0s 14 horas.<\/p>\n<p>P\u00fablico livre<\/p>\n<p>Dia 26 &#8211; Oficina de dan\u00e7a circular, \u00e0s 14 horas<\/p>\n<p>P\u00fablico livre<\/p>\n<p>Dia 27 &#8211; Oficina de musicaliza\u00e7\u00e3o corporal, 14 horas<\/p>\n<p>P\u00fablico livre<\/p>\n<p>&nbsp;<\/p>\n<p>Fonte: Assessoria PJF<\/p>\n","protected":false},"excerpt":{"rendered":"<p>A Funda\u00e7\u00e3o \u201cMuseu Mariano Proc\u00f3pio\u201d ter\u00e1 novas atividades, atrav\u00e9s de parceria com o Servi\u00e7o Social do Com\u00e9rcio (Sesc), com a\u00e7\u00f5es nos dias 24, 25 e 27. Ser\u00e3o realizadas oficinas de dan\u00e7a circular, musicaliza\u00e7\u00e3o corporal, pintura facial e escultura de bal\u00e3o, no p\u00e1tio do museu, com in\u00edcio \u00e0s 14 horas, nos tr\u00eas dias. A proposta \u00e9 [&hellip;]<\/p>\n","protected":false},"author":96,"featured_media":111320,"comment_status":"closed","ping_status":"closed","sticky":false,"template":"","format":"standard","meta":{"footnotes":""},"categories":[253,439],"tags":[],"class_list":["post-111318","post","type-post","status-publish","format-standard","has-post-thumbnail","hentry","category-cidade","category-ultima-hora"],"_links":{"self":[{"href":"https:\/\/diarioregionaldigital.com.br\/index.php?rest_route=\/wp\/v2\/posts\/111318","targetHints":{"allow":["GET"]}}],"collection":[{"href":"https:\/\/diarioregionaldigital.com.br\/index.php?rest_route=\/wp\/v2\/posts"}],"about":[{"href":"https:\/\/diarioregionaldigital.com.br\/index.php?rest_route=\/wp\/v2\/types\/post"}],"author":[{"embeddable":true,"href":"https:\/\/diarioregionaldigital.com.br\/index.php?rest_route=\/wp\/v2\/users\/96"}],"replies":[{"embeddable":true,"href":"https:\/\/diarioregionaldigital.com.br\/index.php?rest_route=%2Fwp%2Fv2%2Fcomments&post=111318"}],"version-history":[{"count":0,"href":"https:\/\/diarioregionaldigital.com.br\/index.php?rest_route=\/wp\/v2\/posts\/111318\/revisions"}],"wp:featuredmedia":[{"embeddable":true,"href":"https:\/\/diarioregionaldigital.com.br\/index.php?rest_route=\/wp\/v2\/media\/111320"}],"wp:attachment":[{"href":"https:\/\/diarioregionaldigital.com.br\/index.php?rest_route=%2Fwp%2Fv2%2Fmedia&parent=111318"}],"wp:term":[{"taxonomy":"category","embeddable":true,"href":"https:\/\/diarioregionaldigital.com.br\/index.php?rest_route=%2Fwp%2Fv2%2Fcategories&post=111318"},{"taxonomy":"post_tag","embeddable":true,"href":"https:\/\/diarioregionaldigital.com.br\/index.php?rest_route=%2Fwp%2Fv2%2Ftags&post=111318"}],"curies":[{"name":"wp","href":"https:\/\/api.w.org\/{rel}","templated":true}]}}