{"id":111316,"date":"2018-07-12T15:11:16","date_gmt":"2018-07-12T18:11:16","guid":{"rendered":"http:\/\/diarioregionaljf.com.br\/?p=111316"},"modified":"2018-07-12T15:11:16","modified_gmt":"2018-07-12T18:11:16","slug":"settra-interdita-transito-para-obra-de-extensao-da-rede-eletrica","status":"publish","type":"post","link":"https:\/\/diarioregionaldigital.com.br\/?p=111316","title":{"rendered":"Settra interdita tr\u00e2nsito para obra de extens\u00e3o da rede el\u00e9trica"},"content":{"rendered":"<p>A Secretaria de Transporte e Tr\u00e2nsito (Settra) interditar\u00e1 totalmente nesta sexta-feira, 13, a Avenida Presidente Itamar Franco, no trecho entre a ponte Carlos Otto e o canteiro de acesso ao viaduto Augusto Franco a partir de 9h.<\/p>\n<p>O motorista ter\u00e1 como op\u00e7\u00e3o de desvio a al\u00e7a de acesso da Avenida Brasil (margem direita), sentido viaduto. A altera\u00e7\u00e3o ser\u00e1 feita por conta de uma obra para extens\u00e3o de rede el\u00e9trica para ilumina\u00e7\u00e3o p\u00fablica com previs\u00e3o de t\u00e9rmino \u00e0s 10h30.<\/p>\n<p>&nbsp;<\/p>\n<p>Fonte: Assessoria<\/p>\n","protected":false},"excerpt":{"rendered":"<p>A Secretaria de Transporte e Tr\u00e2nsito (Settra) interditar\u00e1 totalmente nesta sexta-feira, 13, a Avenida Presidente Itamar Franco, no trecho entre a ponte Carlos Otto e o canteiro de acesso ao viaduto Augusto Franco a partir de 9h. O motorista ter\u00e1 como op\u00e7\u00e3o de desvio a al\u00e7a de acesso da Avenida Brasil (margem direita), sentido viaduto. [&hellip;]<\/p>\n","protected":false},"author":96,"featured_media":105098,"comment_status":"closed","ping_status":"closed","sticky":false,"template":"","format":"standard","meta":{"footnotes":""},"categories":[253,439],"tags":[],"class_list":["post-111316","post","type-post","status-publish","format-standard","has-post-thumbnail","hentry","category-cidade","category-ultima-hora"],"_links":{"self":[{"href":"https:\/\/diarioregionaldigital.com.br\/index.php?rest_route=\/wp\/v2\/posts\/111316","targetHints":{"allow":["GET"]}}],"collection":[{"href":"https:\/\/diarioregionaldigital.com.br\/index.php?rest_route=\/wp\/v2\/posts"}],"about":[{"href":"https:\/\/diarioregionaldigital.com.br\/index.php?rest_route=\/wp\/v2\/types\/post"}],"author":[{"embeddable":true,"href":"https:\/\/diarioregionaldigital.com.br\/index.php?rest_route=\/wp\/v2\/users\/96"}],"replies":[{"embeddable":true,"href":"https:\/\/diarioregionaldigital.com.br\/index.php?rest_route=%2Fwp%2Fv2%2Fcomments&post=111316"}],"version-history":[{"count":0,"href":"https:\/\/diarioregionaldigital.com.br\/index.php?rest_route=\/wp\/v2\/posts\/111316\/revisions"}],"wp:featuredmedia":[{"embeddable":true,"href":"https:\/\/diarioregionaldigital.com.br\/index.php?rest_route=\/wp\/v2\/media\/105098"}],"wp:attachment":[{"href":"https:\/\/diarioregionaldigital.com.br\/index.php?rest_route=%2Fwp%2Fv2%2Fmedia&parent=111316"}],"wp:term":[{"taxonomy":"category","embeddable":true,"href":"https:\/\/diarioregionaldigital.com.br\/index.php?rest_route=%2Fwp%2Fv2%2Fcategories&post=111316"},{"taxonomy":"post_tag","embeddable":true,"href":"https:\/\/diarioregionaldigital.com.br\/index.php?rest_route=%2Fwp%2Fv2%2Ftags&post=111316"}],"curies":[{"name":"wp","href":"https:\/\/api.w.org\/{rel}","templated":true}]}}