{"id":111313,"date":"2018-07-12T14:54:45","date_gmt":"2018-07-12T17:54:45","guid":{"rendered":"http:\/\/diarioregionaljf.com.br\/?p=111313"},"modified":"2018-07-12T14:54:45","modified_gmt":"2018-07-12T17:54:45","slug":"adolescente-e-baleado-ao-sair-da-escola-em-muriae","status":"publish","type":"post","link":"https:\/\/diarioregionaldigital.com.br\/?p=111313","title":{"rendered":"Adolescente \u00e9 baleado ao sair da escola em Muria\u00e9"},"content":{"rendered":"<p>Um adolescente de 17 anos foi baleado, na noite dessa quarta-feira, 11, ao sair da E.E. Dr. Olavo Tostes, na Barra, em Muria\u00e9, na qual estuda. O jovem foi atingido por um tiro nas costas e, de acordo com a Pol\u00edcia Militar (PM), disse que foi v\u00edtima de uma tentativa de assalto. Ele foi socorrido pelo Samu e Corpo de Bombeiros, sendo levado ao Hospital S\u00e3o Paulo (HSP), onde foi encaminhado para cirurgia.<\/p>\n<p>Conforme o Boletim de Ocorr\u00eancia da PM, o menor contou que ao sair da escola foi abordado em frente \u00e0 institui\u00e7\u00e3o de ensino, por um homem armado, que exigiu que ele entregasse um cord\u00e3o. O estudante afirma que n\u00e3o estava usando cord\u00e3o e que foi baleado ao correr de volta para a escola.<\/p>\n<p>O atirador fugiu e n\u00e3o foi localizado, e at\u00e9 o fechamento desta mat\u00e9ria n\u00e3o havia detalhes oficiais sobre o estado de sa\u00fade da v\u00edtima.<\/p>\n<p>Ainda segundo o registro da PM, militares obtiveram informa\u00e7\u00f5es de que recentemente o adolescente foi v\u00edtima de uma tentativa de assalto, e que teria sofrido amea\u00e7as distintas de duas pessoas devido a atritos envolvendo negocia\u00e7\u00f5es comerciais.<\/p>\n<p>Os militares relatam que o suposto autor de uma das amea\u00e7as foi localizado, confirmou o desentendimento com o menor, mas negou qualquer envolvimento com o atentado ocorrido na porta da escola.<\/p>\n<p>As informa\u00e7\u00f5es foram reladas na ocorr\u00eancia repassada \u00e0 Pol\u00edcia Civil (PC), que vai investigar o caso.<\/p>\n<p>&nbsp;<\/p>\n<p>Fonte: R\u00e1dio Muria\u00e9<\/p>\n<p>&nbsp;<\/p>\n","protected":false},"excerpt":{"rendered":"<p>Um adolescente de 17 anos foi baleado, na noite dessa quarta-feira, 11, ao sair da E.E. Dr. Olavo Tostes, na Barra, em Muria\u00e9, na qual estuda. O jovem foi atingido por um tiro nas costas e, de acordo com a Pol\u00edcia Militar (PM), disse que foi v\u00edtima de uma tentativa de assalto. Ele foi socorrido [&hellip;]<\/p>\n","protected":false},"author":96,"featured_media":111314,"comment_status":"closed","ping_status":"closed","sticky":false,"template":"","format":"standard","meta":{"footnotes":""},"categories":[252,439],"tags":[],"class_list":["post-111313","post","type-post","status-publish","format-standard","has-post-thumbnail","hentry","category-regiao","category-ultima-hora"],"_links":{"self":[{"href":"https:\/\/diarioregionaldigital.com.br\/index.php?rest_route=\/wp\/v2\/posts\/111313","targetHints":{"allow":["GET"]}}],"collection":[{"href":"https:\/\/diarioregionaldigital.com.br\/index.php?rest_route=\/wp\/v2\/posts"}],"about":[{"href":"https:\/\/diarioregionaldigital.com.br\/index.php?rest_route=\/wp\/v2\/types\/post"}],"author":[{"embeddable":true,"href":"https:\/\/diarioregionaldigital.com.br\/index.php?rest_route=\/wp\/v2\/users\/96"}],"replies":[{"embeddable":true,"href":"https:\/\/diarioregionaldigital.com.br\/index.php?rest_route=%2Fwp%2Fv2%2Fcomments&post=111313"}],"version-history":[{"count":0,"href":"https:\/\/diarioregionaldigital.com.br\/index.php?rest_route=\/wp\/v2\/posts\/111313\/revisions"}],"wp:featuredmedia":[{"embeddable":true,"href":"https:\/\/diarioregionaldigital.com.br\/index.php?rest_route=\/wp\/v2\/media\/111314"}],"wp:attachment":[{"href":"https:\/\/diarioregionaldigital.com.br\/index.php?rest_route=%2Fwp%2Fv2%2Fmedia&parent=111313"}],"wp:term":[{"taxonomy":"category","embeddable":true,"href":"https:\/\/diarioregionaldigital.com.br\/index.php?rest_route=%2Fwp%2Fv2%2Fcategories&post=111313"},{"taxonomy":"post_tag","embeddable":true,"href":"https:\/\/diarioregionaldigital.com.br\/index.php?rest_route=%2Fwp%2Fv2%2Ftags&post=111313"}],"curies":[{"name":"wp","href":"https:\/\/api.w.org\/{rel}","templated":true}]}}